{"id":93,"date":"2018-05-11T09:24:00","date_gmt":"2018-05-11T12:24:00","guid":{"rendered":"http:\/\/dgospel.com.br\/portal\/?p=93"},"modified":"2018-05-11T09:33:48","modified_gmt":"2018-05-11T12:33:48","slug":"jogador-do-atletico-pr-e-rotulado-como-homofobico-apos-compartilhar-versiculo-da-biblia","status":"publish","type":"post","link":"https:\/\/dgospel.com.br\/portal\/index.php\/2018\/05\/11\/jogador-do-atletico-pr-e-rotulado-como-homofobico-apos-compartilhar-versiculo-da-biblia\/","title":{"rendered":"Jogador do Atl\u00e9tico-PR \u00e9 rotulado como `homof\u00f3bico\u00b4 ap\u00f3s compartilhar vers\u00edculo da B\u00edblia"},"content":{"rendered":"<p>Na \u00faltima ter\u00e7a-feira (08), o meia do Atl\u00e9tico-PR acabou sendo rotulado como &#8220;homof\u00f3bico&#8221; ap\u00f3s compartilhar nas m\u00eddias sociais uma imagem que compartilhava a vis\u00e3o b\u00edblica sobre a rela\u00e7\u00e3o homossexual.<\/p>\n<p>A imagem mostrava fotos &#8211; uma de l\u00e9sbicas e outra de gays &#8211; com a inscri\u00e7\u00e3o &#8220;Isso NUNCA ser\u00e1 aceito&#8221; acima delas e a cita\u00e7\u00e3o de Lev\u00edtico 18:22 abaixo.<\/p>\n<p>Junto ao post que o jogador fez nos stories de seu perfil no Instagram, ele acrescentou a legenda &#8220;Deus guarda nossos filhos&#8221;.<\/p>\n<p>Ap\u00f3s a publica\u00e7\u00e3o, o jogador passou a ter sua atitude chamada de &#8220;homofobia&#8221; por diversos portais da grande m\u00eddia, como UOL e IG. Por\u00e9m muitos internautas defenderam o jogador, dizendo que ele tem o direito de expressar sua opini\u00e3o em seu perfil pessoal das redes sociais.<\/p>\n<p>&#8220;O Nik\u00e3o apenas expressou sua opini\u00e3o, sem ser ofensivo com ningu\u00e9m. Tem todo direito de usar SUA REDE SOCIAL para se expressar. N\u00e3o vejo motivos para tanto mimimi&#8221;, comentou um inernauta.<\/p>\n<p>&#8220;Parab\u00e9ns Nik\u00e3o! Liberdade de express\u00e3o!&#8221;, comentou outro usu\u00e1rio.<\/p>\n","protected":false},"excerpt":{"rendered":"<p>Na \u00faltima ter\u00e7a-feira (08), o meia do Atl\u00e9tico-PR acabou sendo rotulado como &#8220;homof\u00f3bico&#8221; ap\u00f3s compartilhar nas m\u00eddias sociais uma imagem que compartilhava a vis\u00e3o b\u00edblica sobre a rela\u00e7\u00e3o homossexual. A imagem mostrava fotos &#8211; uma de l\u00e9sbicas e outra de gays &#8211; com a inscri\u00e7\u00e3o &#8220;Isso NUNCA ser\u00e1 aceito&#8221; acima delas e a cita\u00e7\u00e3o de [&hellip;]<\/p>\n","protected":false},"author":2,"featured_media":94,"comment_status":"open","ping_status":"open","sticky":false,"template":"","format":"standard","meta":[],"categories":[6],"tags":[],"_links":{"self":[{"href":"https:\/\/dgospel.com.br\/portal\/index.php\/wp-json\/wp\/v2\/posts\/93"}],"collection":[{"href":"https:\/\/dgospel.com.br\/portal\/index.php\/wp-json\/wp\/v2\/posts"}],"about":[{"href":"https:\/\/dgospel.com.br\/portal\/index.php\/wp-json\/wp\/v2\/types\/post"}],"author":[{"embeddable":true,"href":"https:\/\/dgospel.com.br\/portal\/index.php\/wp-json\/wp\/v2\/users\/2"}],"replies":[{"embeddable":true,"href":"https:\/\/dgospel.com.br\/portal\/index.php\/wp-json\/wp\/v2\/comments?post=93"}],"version-history":[{"count":1,"href":"https:\/\/dgospel.com.br\/portal\/index.php\/wp-json\/wp\/v2\/posts\/93\/revisions"}],"predecessor-version":[{"id":95,"href":"https:\/\/dgospel.com.br\/portal\/index.php\/wp-json\/wp\/v2\/posts\/93\/revisions\/95"}],"wp:featuredmedia":[{"embeddable":true,"href":"https:\/\/dgospel.com.br\/portal\/index.php\/wp-json\/wp\/v2\/media\/94"}],"wp:attachment":[{"href":"https:\/\/dgospel.com.br\/portal\/index.php\/wp-json\/wp\/v2\/media?parent=93"}],"wp:term":[{"taxonomy":"category","embeddable":true,"href":"https:\/\/dgospel.com.br\/portal\/index.php\/wp-json\/wp\/v2\/categories?post=93"},{"taxonomy":"post_tag","embeddable":true,"href":"https:\/\/dgospel.com.br\/portal\/index.php\/wp-json\/wp\/v2\/tags?post=93"}],"curies":[{"name":"wp","href":"https:\/\/api.w.org\/{rel}","templated":true}]}}