{"id":9302,"date":"2021-09-03T08:37:10","date_gmt":"2021-09-03T11:37:10","guid":{"rendered":"http:\/\/dgospel.com.br\/portal\/?p=9302"},"modified":"2021-09-03T08:37:11","modified_gmt":"2021-09-03T11:37:11","slug":"grupo-de-571-advogados-emite-manifesto-pro-7-de-setembro","status":"publish","type":"post","link":"https:\/\/dgospel.com.br\/portal\/index.php\/2021\/09\/03\/grupo-de-571-advogados-emite-manifesto-pro-7-de-setembro\/","title":{"rendered":"Grupo de 571 advogados emite manifesto pr\u00f3 7 de setembro"},"content":{"rendered":"\n<p> Nesta quinta-feira (2), um grande grupo de advogados, composto por mais de 571 operadores do Direito de todas as partes do Brasil, assinou um manifesto constitucional convidando a sociedade brasileira a participar das manifesta\u00e7\u00f5es c\u00edvicas do dia 7 de setembro de 2021, em defesa das liberdades individuais e garantias fundamentais. <\/p>\n\n\n\n<p> O grupo de advogados defende o direito constitucional e fundamental de liberdade de express\u00e3o dos milh\u00f5es de brasileiros e apoiadores do presidente da Rep\u00fablica\u00a0<a rel=\"noreferrer noopener\" href=\"https:\/\/pleno.news\/tag\/jair-bolsonaro\" target=\"_blank\">Jair Bolsonaro<\/a>. <\/p>\n\n\n\n<p>Os signat\u00e1rios do manifesto entendem que \u201co exerc\u00edcio do direito de manifesta\u00e7\u00e3o, da liberdade, dos direitos individuais e das garantias fundamentais, s\u00e3o essenciais para um povo livre, soberano e pr\u00f3spero, sendo uma das nossas miss\u00f5es a defesa intransigente de tais direitos, como express\u00e3o m\u00e1xima da nossa democracia\u201d.<\/p>\n\n\n\n<p>\u2013 Apoiamos formalmente as manifesta\u00e7\u00f5es pac\u00edficas e republicanas em apoio ao presidente democraticamente eleito, por entendermos que s\u00e3o leg\u00edtimas, amparadas legalmente, decorrentes do clamor social e da coragem de milh\u00f5es de brasileiros que resolveram enfrentar todas as formas de tirania, censura, inseguran\u00e7a jur\u00eddica e a corrup\u00e7\u00e3o generalizada que impede o nosso povo de prosperar \u2013 diz o texto do documento.<\/p>\n\n\n\n<p>O manifesto constitucional ainda destaca que: \u201cA defesa dos direitos individuais e das garantias fundamentais pelo pr\u00f3prio povo livre e das institui\u00e7\u00f5es democr\u00e1ticas em uma rep\u00fablica federativa \u00e9 a maior demonstra\u00e7\u00e3o de liberdade constitucional em uma sociedade organizada\u201d.<\/p>\n\n\n\n<figure class=\"wp-block-image\"><img src=\"https:\/\/static.cdn.pleno.news\/2021\/09\/manifesto.png\" alt=\"\" class=\"wp-image-796077\"\/><figcaption>Manifesto foi assinado por 571 advogados&nbsp;Foto: Divulga\u00e7\u00e3o<\/figcaption><\/figure>\n","protected":false},"excerpt":{"rendered":"<p>Nesta quinta-feira (2), um grande grupo de advogados, composto por mais de 571 operadores do Direito de todas as partes do Brasil, assinou um manifesto constitucional convidando a sociedade brasileira a participar das manifesta\u00e7\u00f5es c\u00edvicas do dia 7 de setembro de 2021, em defesa das liberdades individuais e garantias fundamentais. O grupo de advogados defende [&hellip;]<\/p>\n","protected":false},"author":2,"featured_media":9303,"comment_status":"open","ping_status":"open","sticky":false,"template":"","format":"standard","meta":[],"categories":[4],"tags":[13,14],"_links":{"self":[{"href":"https:\/\/dgospel.com.br\/portal\/index.php\/wp-json\/wp\/v2\/posts\/9302"}],"collection":[{"href":"https:\/\/dgospel.com.br\/portal\/index.php\/wp-json\/wp\/v2\/posts"}],"about":[{"href":"https:\/\/dgospel.com.br\/portal\/index.php\/wp-json\/wp\/v2\/types\/post"}],"author":[{"embeddable":true,"href":"https:\/\/dgospel.com.br\/portal\/index.php\/wp-json\/wp\/v2\/users\/2"}],"replies":[{"embeddable":true,"href":"https:\/\/dgospel.com.br\/portal\/index.php\/wp-json\/wp\/v2\/comments?post=9302"}],"version-history":[{"count":1,"href":"https:\/\/dgospel.com.br\/portal\/index.php\/wp-json\/wp\/v2\/posts\/9302\/revisions"}],"predecessor-version":[{"id":9304,"href":"https:\/\/dgospel.com.br\/portal\/index.php\/wp-json\/wp\/v2\/posts\/9302\/revisions\/9304"}],"wp:featuredmedia":[{"embeddable":true,"href":"https:\/\/dgospel.com.br\/portal\/index.php\/wp-json\/wp\/v2\/media\/9303"}],"wp:attachment":[{"href":"https:\/\/dgospel.com.br\/portal\/index.php\/wp-json\/wp\/v2\/media?parent=9302"}],"wp:term":[{"taxonomy":"category","embeddable":true,"href":"https:\/\/dgospel.com.br\/portal\/index.php\/wp-json\/wp\/v2\/categories?post=9302"},{"taxonomy":"post_tag","embeddable":true,"href":"https:\/\/dgospel.com.br\/portal\/index.php\/wp-json\/wp\/v2\/tags?post=9302"}],"curies":[{"name":"wp","href":"https:\/\/api.w.org\/{rel}","templated":true}]}}