{"id":9305,"date":"2021-09-03T09:00:30","date_gmt":"2021-09-03T12:00:30","guid":{"rendered":"http:\/\/dgospel.com.br\/portal\/?p=9305"},"modified":"2021-09-03T09:00:32","modified_gmt":"2021-09-03T12:00:32","slug":"convencao-batista-inaugura-carreta-missionaria-para-evangelizar-o-sertao-brasileiro","status":"publish","type":"post","link":"https:\/\/dgospel.com.br\/portal\/index.php\/2021\/09\/03\/convencao-batista-inaugura-carreta-missionaria-para-evangelizar-o-sertao-brasileiro\/","title":{"rendered":"Conven\u00e7\u00e3o Batista inaugura carreta mission\u00e1ria para evangelizar o sert\u00e3o brasileiro"},"content":{"rendered":"\n<p>A&nbsp;<strong><a href=\"https:\/\/www.guiame.com.br\/gospel\/missoes-acao-social\/barco-missionario-leva-medicos-e-o-evangelho-comunidades-da-amazonia.html\">Junta de Miss\u00f5es Nacionais<\/a><\/strong>&nbsp;(JMN) da Conven\u00e7\u00e3o Batista Brasileira inaugurou a&nbsp;<strong><a href=\"https:\/\/www.guiame.com.br\/gospel\/missoes-acao-social\/igreja-usa-caminhao-para-evangelizar-em-uganda-vamos-pregar-em-todas-cidades.html\">Carreta<\/a><\/strong>&nbsp;do Sert\u00e3o, no dia 20 de agosto. O ve\u00edculo mission\u00e1rio vai levar o Evangelho de Cristo pelo sert\u00e3o do Brasil.&nbsp;<\/p>\n\n\n\n<p>O caminh\u00e3o foi dedicado ao Senhor no estacionamento da Primeira Igreja Batista do Br\u00e1s (SP), numa cerim\u00f4nia conduzida pelo Diretor Executivo da JMN, Pr. Fernando Brand\u00e3o, junto com outros parceiros da obra mission\u00e1ria, que participaram de forma virtual.\u00a0<\/p>\n\n\n\n<p>A carreta, equipada para realizar atendimentos m\u00e9dicos e cultos evangel\u00edsticos, vai viajar rumo ao Sert\u00e3o, anunciando as boas novas de salva\u00e7\u00e3o n\u00e3o apenas quando estiver estacionada nas comunidades, mas tamb\u00e9m enquanto estiver na estrada. O ve\u00edculo foi envelopado com vers\u00edculos b\u00edblicos, que alcan\u00e7ar\u00e1 muitas pessoas por onde passar.&nbsp;<\/p>\n\n\n\n<p>Na frente do ve\u00edculo est\u00e1 o Salmo 23.1, \u201cO Senhor \u00e9 o meu Pastor e nada me faltar\u00e1\u201d; na lateral, Jo\u00e3o 3.16, que diz \u201cPorque Deus amou o mundo de tal maneira que deu o seu filho unig\u00eanito, para que todo aquele que nele cr\u00ea n\u00e3o pere\u00e7a, mas tenha a vida eterna\u201d; e na parte de tr\u00e1s est\u00e1 Jo\u00e3o 14.6, \u201cDisse-lhe Jesus: Eu sou o caminho, e a verdade e a vida; ningu\u00e9m vem ao Pai, sen\u00e3o por mim\u201d.<\/p>\n\n\n\n<p>\u201cOnde a carreta passar, todos h\u00e3o de ver que Jesus Transforma! Ele \u00e9 a \u00fanica esperan\u00e7a para a nossa na\u00e7\u00e3o!\u201d, disse o pastor Fabr\u00edcio Freitas.&nbsp;<\/p>\n\n\n\n<p>A ideia da carreta evangel\u00edstica surgiu como um sonho no cora\u00e7\u00e3o do casal coordenador da Mobiliza\u00e7\u00e3o Volunt\u00e1ria de Miss\u00f5es Nacionais,&nbsp; Misael e Silvana Martines, que j\u00e1 fizeram diversas viagens mission\u00e1rias pelo sert\u00e3o brasileiro.<\/p>\n\n\n\n<p>\u201cO sonho foi lapidado, organizado, colocado em pr\u00e1tica e, agora, vai percorrer o sert\u00e3o do Brasil, levando a compaix\u00e3o, a gra\u00e7a e mensagem de Cristo Jesus para moradores de v\u00e1rios estados do pa\u00eds\u201d, afirmou a Junta de Miss\u00f5es Nacionais.<\/p>\n","protected":false},"excerpt":{"rendered":"<p>A&nbsp;Junta de Miss\u00f5es Nacionais&nbsp;(JMN) da Conven\u00e7\u00e3o Batista Brasileira inaugurou a&nbsp;Carreta&nbsp;do Sert\u00e3o, no dia 20 de agosto. O ve\u00edculo mission\u00e1rio vai levar o Evangelho de Cristo pelo sert\u00e3o do Brasil.&nbsp; O caminh\u00e3o foi dedicado ao Senhor no estacionamento da Primeira Igreja Batista do Br\u00e1s (SP), numa cerim\u00f4nia conduzida pelo Diretor Executivo da JMN, Pr. Fernando Brand\u00e3o, [&hellip;]<\/p>\n","protected":false},"author":2,"featured_media":9306,"comment_status":"open","ping_status":"open","sticky":false,"template":"","format":"standard","meta":[],"categories":[5],"tags":[14],"_links":{"self":[{"href":"https:\/\/dgospel.com.br\/portal\/index.php\/wp-json\/wp\/v2\/posts\/9305"}],"collection":[{"href":"https:\/\/dgospel.com.br\/portal\/index.php\/wp-json\/wp\/v2\/posts"}],"about":[{"href":"https:\/\/dgospel.com.br\/portal\/index.php\/wp-json\/wp\/v2\/types\/post"}],"author":[{"embeddable":true,"href":"https:\/\/dgospel.com.br\/portal\/index.php\/wp-json\/wp\/v2\/users\/2"}],"replies":[{"embeddable":true,"href":"https:\/\/dgospel.com.br\/portal\/index.php\/wp-json\/wp\/v2\/comments?post=9305"}],"version-history":[{"count":1,"href":"https:\/\/dgospel.com.br\/portal\/index.php\/wp-json\/wp\/v2\/posts\/9305\/revisions"}],"predecessor-version":[{"id":9307,"href":"https:\/\/dgospel.com.br\/portal\/index.php\/wp-json\/wp\/v2\/posts\/9305\/revisions\/9307"}],"wp:featuredmedia":[{"embeddable":true,"href":"https:\/\/dgospel.com.br\/portal\/index.php\/wp-json\/wp\/v2\/media\/9306"}],"wp:attachment":[{"href":"https:\/\/dgospel.com.br\/portal\/index.php\/wp-json\/wp\/v2\/media?parent=9305"}],"wp:term":[{"taxonomy":"category","embeddable":true,"href":"https:\/\/dgospel.com.br\/portal\/index.php\/wp-json\/wp\/v2\/categories?post=9305"},{"taxonomy":"post_tag","embeddable":true,"href":"https:\/\/dgospel.com.br\/portal\/index.php\/wp-json\/wp\/v2\/tags?post=9305"}],"curies":[{"name":"wp","href":"https:\/\/api.w.org\/{rel}","templated":true}]}}