{"id":9318,"date":"2021-09-06T16:10:00","date_gmt":"2021-09-06T19:10:00","guid":{"rendered":"http:\/\/dgospel.com.br\/portal\/?p=9318"},"modified":"2021-09-06T16:10:01","modified_gmt":"2021-09-06T19:10:01","slug":"deputado-gaguim-articula-emendas-parlamentares-para-vereadores","status":"publish","type":"post","link":"https:\/\/dgospel.com.br\/portal\/index.php\/2021\/09\/06\/deputado-gaguim-articula-emendas-parlamentares-para-vereadores\/","title":{"rendered":"Deputado Gaguim articula emendas parlamentares para vereadores"},"content":{"rendered":"\n<p>O deputado federal Carlos Gaguim (DEM\/TO) atual v\u00edce-l\u00edder da Maioria do Congresso Nacional, est\u00e1 comprometido em articular com os prefeitos do Tocantins para que vereadores tenham emendas parlamentares pr\u00f3prias para que possam atuar e atender as demandas das suas comunidades. O deputado destaca que \u00e9 preciso dar essa autonomia aos vereadores, j\u00e1 que eles representam bairros e comunidades que, muitas vezes, n\u00e3o s\u00e3o atendidos pelas gest\u00f5es municipais. &#8220;Tendo ele o seu recurso, aquela demanda do postinho de sa\u00fade, da quadra de esportes poder\u00e1 ser atendida&#8221;, pontuou.<\/p>\n\n\n\n<p>O deputado recordou ainda que quando Marcelo Miranda foi governador, ele teve a oportunidade de ser o relator da proposta de emendas parlmamentares para os deputados estaduais do Tocantins e que a a\u00e7\u00e3o deu muito certo. &#8220;Quando governador eu paguei as emendas dos deputados estaduais e acredito que \u00e9 preciso que os vereadores tamb\u00e9m precisem dessa autonomia&#8221;, finalizou<br><\/p>\n\n\n\n<p>O compromisso foi firmado na manh\u00e3 da quarta-feira, 25 de agosto, em uma reuni\u00e3o, organizada pela bancada federal do Tocantins, com vereadores tocantinenses e desde ent\u00e3o o deputado tem conversado com prefeitos e alinhado a proposta.<\/p>\n\n\n\n<p>Em um v\u00eddeo publicado em seu instagram ele explicou a necessidade dessa a\u00e7\u00e3o.<\/p>\n","protected":false},"excerpt":{"rendered":"<p>O deputado federal Carlos Gaguim (DEM\/TO) atual v\u00edce-l\u00edder da Maioria do Congresso Nacional, est\u00e1 comprometido em articular com os prefeitos do Tocantins para que vereadores tenham emendas parlamentares pr\u00f3prias para que possam atuar e atender as demandas das suas comunidades. O deputado destaca que \u00e9 preciso dar essa autonomia aos vereadores, j\u00e1 que eles representam [&hellip;]<\/p>\n","protected":false},"author":2,"featured_media":9319,"comment_status":"open","ping_status":"open","sticky":false,"template":"","format":"standard","meta":[],"categories":[8],"tags":[],"_links":{"self":[{"href":"https:\/\/dgospel.com.br\/portal\/index.php\/wp-json\/wp\/v2\/posts\/9318"}],"collection":[{"href":"https:\/\/dgospel.com.br\/portal\/index.php\/wp-json\/wp\/v2\/posts"}],"about":[{"href":"https:\/\/dgospel.com.br\/portal\/index.php\/wp-json\/wp\/v2\/types\/post"}],"author":[{"embeddable":true,"href":"https:\/\/dgospel.com.br\/portal\/index.php\/wp-json\/wp\/v2\/users\/2"}],"replies":[{"embeddable":true,"href":"https:\/\/dgospel.com.br\/portal\/index.php\/wp-json\/wp\/v2\/comments?post=9318"}],"version-history":[{"count":1,"href":"https:\/\/dgospel.com.br\/portal\/index.php\/wp-json\/wp\/v2\/posts\/9318\/revisions"}],"predecessor-version":[{"id":9320,"href":"https:\/\/dgospel.com.br\/portal\/index.php\/wp-json\/wp\/v2\/posts\/9318\/revisions\/9320"}],"wp:featuredmedia":[{"embeddable":true,"href":"https:\/\/dgospel.com.br\/portal\/index.php\/wp-json\/wp\/v2\/media\/9319"}],"wp:attachment":[{"href":"https:\/\/dgospel.com.br\/portal\/index.php\/wp-json\/wp\/v2\/media?parent=9318"}],"wp:term":[{"taxonomy":"category","embeddable":true,"href":"https:\/\/dgospel.com.br\/portal\/index.php\/wp-json\/wp\/v2\/categories?post=9318"},{"taxonomy":"post_tag","embeddable":true,"href":"https:\/\/dgospel.com.br\/portal\/index.php\/wp-json\/wp\/v2\/tags?post=9318"}],"curies":[{"name":"wp","href":"https:\/\/api.w.org\/{rel}","templated":true}]}}