{"id":9321,"date":"2021-09-06T16:38:33","date_gmt":"2021-09-06T19:38:33","guid":{"rendered":"http:\/\/dgospel.com.br\/portal\/?p=9321"},"modified":"2021-09-06T16:38:35","modified_gmt":"2021-09-06T19:38:35","slug":"estatuto-de-igreja-tem-registro-negado-em-cartorio-por-rejeitar-unioes-homossexuais","status":"publish","type":"post","link":"https:\/\/dgospel.com.br\/portal\/index.php\/2021\/09\/06\/estatuto-de-igreja-tem-registro-negado-em-cartorio-por-rejeitar-unioes-homossexuais\/","title":{"rendered":"Estatuto de igreja tem registro negado em cart\u00f3rio por rejeitar uni\u00f5es homossexuais"},"content":{"rendered":"\n<p> Uma igreja evang\u00e9lica que tentou fazer o registro civil de seu estatuto social com a explicita\u00e7\u00e3o de regras rejeitando a uni\u00e3o civil de pessoas do mesmo sexo e a membresia de homossexuais, teve a solicita\u00e7\u00e3o negada por um cart\u00f3rio. <\/p>\n\n\n\n<p>A igreja apresentou, atrav\u00e9s de seu representante, Washington Luiz Caetano Santos, o requerimento de registro do estatuto social no 2\u00b0 Oficial de Registro Civil das Pessoas Jur\u00eddicas de S\u00e3o Jos\u00e9 dos Campos (SP).<\/p>\n\n\n\n<p>No texto do estatuto, a igreja enfatizava que n\u00e3o concederia o&nbsp;<em>status<\/em>&nbsp;de membro a homossexuais e tamb\u00e9m n\u00e3o realizaria uni\u00f5es de pessoas do mesmo sexo, seguindo os textos b\u00edblicos que reprovam a pr\u00e1tica homossexual.<\/p>\n\n\n\n<p>O escrevente Abner Sales Ferreira, no entanto, negou o registro, e sugeriu que a igreja fizesse altera\u00e7\u00f5es no texto do estatuto para retirar a veda\u00e7\u00e3o \u00e0 membresia de homossexuais e a realiza\u00e7\u00e3o de cerim\u00f4nias de uni\u00e3o de casais homoafetivos.<\/p>\n\n\n\n<p>\u201cEm que pese a liberdade assegurada \u00e0s organiza\u00e7\u00f5es religiosas, quanto \u00e0 organiza\u00e7\u00e3o, estrutura\u00e7\u00e3o interna e funcionamento, e a ampla liberdade de cren\u00e7a e de culto (art. 44, par\u00e1grafo 1 do C\u00f3digo Civil e art. 5\u00b0, VI da Constitui\u00e7\u00e3o Federal), considerando a publicidade dos registros p\u00fablicos e o princ\u00edpio da seguran\u00e7a jur\u00eddica, considerando, ainda, que a Constitui\u00e7\u00e3o Federal tem por fundamento a dignidade da pessoa humana e por objetivo fundamental promover o bem de todos, sem preconceitos de origem, ra\u00e7a, sexo, cor, idade e quaisquer outras formas de discrimina\u00e7\u00e3o (CF, art. 1\u00b0, inciso III e art. 3\u00b0, inciso IV), com o devido respeito \u00e0 cren\u00e7a religiosa, n\u00e3o se pode admitir a discrimina\u00e7\u00e3o consubstanciada no par\u00e1grafo \u00fanico do art. 3\u00b0 do Estatuto submetido a registro\u201d, rejeitou o escrevente.<\/p>\n\n\n\n<p>Adiante, ap\u00f3s indeferir o pedido de registro do estatuto, o escrevente diz que a aprova\u00e7\u00e3o s\u00f3 ser\u00e1 poss\u00edvel se os fundadores fizerem a \u201cadequa\u00e7\u00e3o do texto estatut\u00e1rio, que deve guardar compatibilidade com os valores e princ\u00edpios assegurados na Constitui\u00e7\u00e3o Federal e prestigiados por consolidada jurisprud\u00eancia dos tribunais superiores\u201d.<\/p>\n\n\n\n<h2>Rea\u00e7\u00e3o<\/h2>\n\n\n\n<p>O te\u00f3logo Guilherme Carvalho usou suas&nbsp;<a target=\"_blank\" href=\"https:\/\/www.facebook.com\/photo\/?fbid=10225023433280212&amp;set=a.1902398926876\" rel=\"noreferrer noopener\">redes sociais<\/a>&nbsp;para repercutir o caso e afirmou que \u201ca cultura LGBTQIA+, pela milit\u00e2ncia da Classe Criativa e o Campo Afetivo, buscam tornar os valores da revolu\u00e7\u00e3o sexual em princ\u00edpio normativo para toda a sociedade, bem como silenciar qualquer discurso moral alternativo\u201d.<\/p>\n\n\n\n<p>\u201cOs crist\u00e3os n\u00e3o devem se dobrar a isso, nem aceitar em seu meio cavalos-de-tr\u00f3ia teol\u00f3gicos, que busquem negar a ordem criacional do casamento. E quando esse tipo de coisa acontece, envolvendo discrimina\u00e7\u00e3o contra a f\u00e9 crist\u00e3, \u00e9 preciso acionar o minist\u00e9rio p\u00fablico. Sil\u00eancio nesse assunto e varrer para baixo do tapete n\u00e3o \u00e9 uma op\u00e7\u00e3o para crist\u00e3os\u201d, protestou.<br>AN\u00daNCIO<\/p>\n\n\n\n\n\n<p>Esse tema \u00e9 um, dentre os que se situam no campo dos costumes, que une evang\u00e9licos e cat\u00f3licos. Recentemente, o Vaticano explicitou uma proibi\u00e7\u00e3o a seus sacerdotes sobre a celebra\u00e7\u00e3o de cerim\u00f4nias de uni\u00e3o de pessoas do mesmo sexo.<\/p>\n\n\n\n<p>\u201c<a href=\"https:\/\/noticias.gospelmais.com.br\/vaticano-proibe-padres-unioes-gays-abencoa-144761.html\"><strong>Deus n\u00e3o pode aben\u00e7oar o pecado<\/strong><\/a>\u201d, resumiu o Vaticano, em uma das manifesta\u00e7\u00f5es mais duras contra a homossexualidade desde o in\u00edcio do pontificado de Francisco.<\/p>\n\n\n\n<div class=\"wp-block-image\"><figure class=\"aligncenter\"><img src=\"https:\/\/noticias.gospelmais.com.br\/files\/2021\/09\/estatuto-social-igreja-338x600.jpeg\" alt=\"\" class=\"wp-image-149049\"\/><\/figure><\/div>\n","protected":false},"excerpt":{"rendered":"<p>Uma igreja evang\u00e9lica que tentou fazer o registro civil de seu estatuto social com a explicita\u00e7\u00e3o de regras rejeitando a uni\u00e3o civil de pessoas do mesmo sexo e a membresia de homossexuais, teve a solicita\u00e7\u00e3o negada por um cart\u00f3rio. A igreja apresentou, atrav\u00e9s de seu representante, Washington Luiz Caetano Santos, o requerimento de registro do [&hellip;]<\/p>\n","protected":false},"author":2,"featured_media":9322,"comment_status":"open","ping_status":"open","sticky":false,"template":"","format":"standard","meta":[],"categories":[5],"tags":[14],"_links":{"self":[{"href":"https:\/\/dgospel.com.br\/portal\/index.php\/wp-json\/wp\/v2\/posts\/9321"}],"collection":[{"href":"https:\/\/dgospel.com.br\/portal\/index.php\/wp-json\/wp\/v2\/posts"}],"about":[{"href":"https:\/\/dgospel.com.br\/portal\/index.php\/wp-json\/wp\/v2\/types\/post"}],"author":[{"embeddable":true,"href":"https:\/\/dgospel.com.br\/portal\/index.php\/wp-json\/wp\/v2\/users\/2"}],"replies":[{"embeddable":true,"href":"https:\/\/dgospel.com.br\/portal\/index.php\/wp-json\/wp\/v2\/comments?post=9321"}],"version-history":[{"count":1,"href":"https:\/\/dgospel.com.br\/portal\/index.php\/wp-json\/wp\/v2\/posts\/9321\/revisions"}],"predecessor-version":[{"id":9323,"href":"https:\/\/dgospel.com.br\/portal\/index.php\/wp-json\/wp\/v2\/posts\/9321\/revisions\/9323"}],"wp:featuredmedia":[{"embeddable":true,"href":"https:\/\/dgospel.com.br\/portal\/index.php\/wp-json\/wp\/v2\/media\/9322"}],"wp:attachment":[{"href":"https:\/\/dgospel.com.br\/portal\/index.php\/wp-json\/wp\/v2\/media?parent=9321"}],"wp:term":[{"taxonomy":"category","embeddable":true,"href":"https:\/\/dgospel.com.br\/portal\/index.php\/wp-json\/wp\/v2\/categories?post=9321"},{"taxonomy":"post_tag","embeddable":true,"href":"https:\/\/dgospel.com.br\/portal\/index.php\/wp-json\/wp\/v2\/tags?post=9321"}],"curies":[{"name":"wp","href":"https:\/\/api.w.org\/{rel}","templated":true}]}}