{"id":9330,"date":"2021-09-08T09:44:22","date_gmt":"2021-09-08T12:44:22","guid":{"rendered":"http:\/\/dgospel.com.br\/portal\/?p=9330"},"modified":"2021-09-08T09:44:23","modified_gmt":"2021-09-08T12:44:23","slug":"lideres-cristaos-vao-as-ruas-pela-patria-e-pela-democracia","status":"publish","type":"post","link":"https:\/\/dgospel.com.br\/portal\/index.php\/2021\/09\/08\/lideres-cristaos-vao-as-ruas-pela-patria-e-pela-democracia\/","title":{"rendered":"L\u00edderes crist\u00e3os v\u00e3o \u00e0s ruas pela p\u00e1tria e pela democracia"},"content":{"rendered":"\n<p> Diversos l\u00edderes crist\u00e3os foram \u00e0s ruas, nesta ter\u00e7a-feira (7), em defesa da p\u00e1tria, da democracia e da liberdade de express\u00e3o. Na Avenida Paulista, em S\u00e3o Paulo, participaram nomes como os pastores Silas Malafaia, Cl\u00e1udio Duarte, Marco Feliciano, Abe Huber, Magno Malta e Ren\u00e9 Terra Nova e os ap\u00f3stolos Estevam Hernandes e Rina. <\/p>\n\n\n\n<figure class=\"wp-block-image\"><img src=\"https:\/\/static.cdn.pleno.news\/2021\/09\/photo1631057421-8.jpeg\" alt=\"\" class=\"wp-image-798956\"\/><figcaption>L\u00edderes crist\u00e3o v\u00e3o \u00e0s ruas pela p\u00e1tria e pela democracia&nbsp;Foto: Reprodu\u00e7\u00e3o<\/figcaption><\/figure>\n\n\n\n<p>As cantoras Eyshila e Danielle Cristina, acompanhadas dos esposos, os pastores Odilon Santos e Cristian Oliveira, respectivamente, se uniram aos milhares de brasileiros que lotaram cerca de 14 quarteir\u00f5es da Avenida Paulista.<\/p>\n\n\n\n<figure class=\"wp-block-image\"><img src=\"https:\/\/static.cdn.pleno.news\/2021\/09\/photo1631057421-1.jpeg\" alt=\"\" class=\"wp-image-798962\"\/><figcaption>Eyshila, Danielle Cristina, Odilon Santos e Cristian Oliveira&nbsp;Foto: Reprodu\u00e7\u00e3o<\/figcaption><\/figure>\n\n\n\n<p>O cantor Isa\u00edas Saad e a esposa Vit\u00f3ria Eisfeld, tamb\u00e9m se vestiram de verde e amarelo pelo Brasil.<\/p>\n\n\n\n<p>\u2013 7 de setembro de 2021 (dia hist\u00f3rico) pela fam\u00edlia, pela liberdade de express\u00e3o, pela p\u00e1tria e pela democracia! \u2013 postou Isa\u00edas em sua rede social.<\/p>\n\n\n\n<figure class=\"wp-block-image\"><img src=\"https:\/\/static.cdn.pleno.news\/2021\/09\/photo1631057421-8-768x615.jpeg\" alt=\"L\u00edderes crist\u00e3o v\u00e3o \u00e0s ruas pela p\u00e1tria e pela democracia\"\/><figcaption>L\u00edderes crist\u00e3o v\u00e3o \u00e0s ruas pela p\u00e1tria e pela democracia&nbsp;\/ Foto: Reprodu\u00e7\u00e3o<\/figcaption><\/figure>\n\n\n\n<figure class=\"wp-block-image\"><img src=\"https:\/\/static.cdn.pleno.news\/2021\/09\/photo1631057436-1-768x554.jpeg\" alt=\"Silas Malafaia e Magno Malta\"\/><figcaption>Silas Malafaia e Magno Malta&nbsp;\/ Foto: Reprodu\u00e7\u00e3o<\/figcaption><\/figure>\n\n\n\n<figure class=\"wp-block-image\"><img src=\"https:\/\/static.cdn.pleno.news\/2021\/09\/photo1631057421-7-768x532.jpeg\" alt=\"L\u00edderes crist\u00e3o v\u00e3o \u00e0s ruas pela p\u00e1tria e pela democracia\"\/><figcaption>L\u00edderes crist\u00e3o v\u00e3o \u00e0s ruas pela p\u00e1tria e pela democracia&nbsp;\/ Foto: Reprodu\u00e7\u00e3o<\/figcaption><\/figure>\n\n\n\n<figure class=\"wp-block-image\"><img src=\"https:\/\/static.cdn.pleno.news\/2021\/09\/photo1631057436-768x567.jpeg\" alt=\"Silas Malafaia, Carla Zambelli e Magno Malta\"\/><figcaption>Silas Malafaia, Carla Zambelli e Magno Malta&nbsp;\/ Foto: Reprodu\u00e7\u00e3o<\/figcaption><\/figure>\n\n\n\n<figure class=\"wp-block-image\"><img src=\"https:\/\/static.cdn.pleno.news\/2021\/09\/photo1631057421-6-768x559.jpeg\" alt=\"L\u00edderes crist\u00e3o v\u00e3o \u00e0s ruas pela p\u00e1tria e pela democracia\"\/><figcaption>Estevam Hernandes, Silas Malafaia, Magno Malta, Ren\u00e9 Terra Nova, Marco Feliciano, Abe Huber&nbsp;\/ Foto: Reprodu\u00e7\u00e3o<\/figcaption><\/figure>\n\n\n\n<figure class=\"wp-block-image\"><img src=\"https:\/\/static.cdn.pleno.news\/2021\/09\/photo1631057421-9-768x624.jpeg\" alt=\"Pastor Marco Feliciano\"\/><figcaption>Pastor Marco Feliciano&nbsp;\/ Foto: Reprodu\u00e7\u00e3o<\/figcaption><\/figure>\n\n\n\n<figure class=\"wp-block-image\"><img src=\"https:\/\/static.cdn.pleno.news\/2021\/09\/photo1631057421-5-768x749.jpeg\" alt=\"Pastor Cl\u00e1udio Duarte\"\/><figcaption>Pastor Cl\u00e1udio Duarte&nbsp;\/ Foto: Reprodu\u00e7\u00e3o<\/figcaption><\/figure>\n\n\n\n<figure class=\"wp-block-image\"><img src=\"https:\/\/static.cdn.pleno.news\/2021\/09\/photo1631057436-4-768x647.jpeg\" alt=\"Netinho e Magno Malta\"\/><figcaption>Netinho e Magno Malta&nbsp;\/ Foto: Reprodu\u00e7\u00e3o<\/figcaption><\/figure>\n\n\n\n<figure class=\"wp-block-image\"><img src=\"https:\/\/static.cdn.pleno.news\/2021\/09\/photo1631057443-1-768x565.jpeg\" alt=\"L\u00edderes crist\u00e3o v\u00e3o \u00e0s ruas pela p\u00e1tria e pela democracia\"\/><figcaption>L\u00edderes crist\u00e3o v\u00e3o \u00e0s ruas pela p\u00e1tria e pela democracia&nbsp;\/ Foto: Reprodu\u00e7\u00e3o<\/figcaption><\/figure>\n\n\n\n<figure class=\"wp-block-image\"><img src=\"https:\/\/static.cdn.pleno.news\/2021\/09\/photo1631057421-3-768x426.jpeg\" alt=\"L\u00edderes crist\u00e3o v\u00e3o \u00e0s ruas pela p\u00e1tria e pela democracia\"\/><figcaption>L\u00edderes crist\u00e3o v\u00e3o \u00e0s ruas pela p\u00e1tria e pela democracia&nbsp;\/ Foto: Reprodu\u00e7\u00e3o<\/figcaption><\/figure>\n\n\n\n<figure class=\"wp-block-image\"><img src=\"https:\/\/static.cdn.pleno.news\/2021\/09\/photo1631057421-2-768x438.jpeg\" alt=\"Eyshila, Danielle Cristina, Cl\u00e1udio Duarte e Cristian Oliveira\"\/><figcaption>Eyshila, Danielle Cristina, Cl\u00e1udio Duarte e Cristian Oliveira&nbsp;\/ Foto: Reprodu\u00e7\u00e3o<\/figcaption><\/figure>\n\n\n\n<figure class=\"wp-block-image\"><img src=\"https:\/\/static.cdn.pleno.news\/2021\/09\/photo1631057421-4-768x376.jpeg\" alt=\"Pastor Cl\u00e1udio Duarte\"\/><figcaption>Pastor Cl\u00e1udio Duarte&nbsp;\/ Foto: Reprodu\u00e7\u00e3o<\/figcaption><\/figure>\n\n\n\n<figure class=\"wp-block-image\"><img src=\"https:\/\/static.cdn.pleno.news\/2021\/09\/photo1631057421-1-768x426.jpeg\" alt=\"Eyshila, Danielle Cristina, Odilon Santos e Cristian Oliveira\"\/><figcaption>Eyshila, Danielle Cristina, Odilon Santos e Cristian Oliveira&nbsp;\/ Foto: Reprodu\u00e7\u00e3o<\/figcaption><\/figure>\n\n\n\n<figure class=\"wp-block-image\"><img src=\"https:\/\/static.cdn.pleno.news\/2021\/09\/photo1631057436-2-768x586.jpeg\" alt=\"photo1631057436 (2)\"\/><figcaption>Estevam Hernandes, Silas Malafaia, Marco Feliciano e Rina&nbsp;\/ Foto: Reprodu\u00e7\u00e3o<\/figcaption><\/figure>\n\n\n\n<figure class=\"wp-block-image\"><img src=\"https:\/\/static.cdn.pleno.news\/2021\/09\/photo1631057421-768x813.jpeg\" alt=\"Isa\u00edas Saad e a esposa Vit\u00f3ria Eisfeld\"\/><figcaption>Isa\u00edas Saad e a esposa Vit\u00f3ria Eisfeld&nbsp;\/ Foto: Reprodu\u00e7\u00e3o<\/figcaption><\/figure>\n\n\n\n<figure class=\"wp-block-image\"><img src=\"https:\/\/static.cdn.pleno.news\/2021\/09\/photo1631057436-5-768x602.jpeg\" alt=\"Waguinho\"\/><figcaption>Waguinho&nbsp;\/ Foto: Reprodu\u00e7\u00e3o<\/figcaption><\/figure>\n\n\n\n<figure class=\"wp-block-image\"><img src=\"https:\/\/static.cdn.pleno.news\/2021\/09\/photo1631057436-8-768x560.jpeg\" alt=\"Pastor Josu\u00e9 Valandro Jr.\"\/><figcaption>Pastor Josu\u00e9 Valandro Jr.&nbsp;\/ Foto: Reprodu\u00e7\u00e3o<\/figcaption><\/figure>\n\n\n\n<figure class=\"wp-block-image\"><img src=\"https:\/\/static.cdn.pleno.news\/2021\/09\/photo1631057443-3-768x729.jpeg\" alt=\"Pastor Josu\u00e9 Valandro Jr.\"\/><figcaption>Pastor Josu\u00e9 Valandro Jr.&nbsp;\/ Foto: Reprodu\u00e7\u00e3o<\/figcaption><\/figure>\n\n\n\n<figure class=\"wp-block-image\"><img src=\"https:\/\/static.cdn.pleno.news\/2021\/09\/photo1631057436-3-768x647.jpeg\" alt=\"Jozyanne e fam\u00edlia\"\/><figcaption>Jozyanne e fam\u00edlia&nbsp;\/ Foto: Reprodu\u00e7\u00e3o<\/figcaption><\/figure>\n\n\n\n<figure class=\"wp-block-image\"><img src=\"https:\/\/static.cdn.pleno.news\/2021\/09\/photo1631057436-6-768x594.jpeg\" alt=\"Pastor Josu\u00e9 Valandro Jr.\"\/><figcaption>Pastor Josu\u00e9 Valandro Jr.<\/figcaption><\/figure>\n\n\n\n<figure class=\"wp-block-image\"><img src=\"https:\/\/static.cdn.pleno.news\/2021\/09\/photo1631057436-7-768x599.jpeg\" alt=\"Francielli e Jozyanne\"\/><figcaption>Francielli e Jozyanne&nbsp;\/ Foto: Reprodu\u00e7\u00e3o<\/figcaption><\/figure>\n\n\n\n<figure class=\"wp-block-image\"><img src=\"https:\/\/static.cdn.pleno.news\/2021\/09\/photo1631057436-9-768x580.jpeg\" alt=\"Jorge Linhares e Jabes Alencar\"\/><figcaption>Jorge Linhares e Jabes Alencar&nbsp;\/ Foto: Reprodu\u00e7\u00e3o<\/figcaption><\/figure>\n\n\n\n<figure class=\"wp-block-image\"><img src=\"https:\/\/static.cdn.pleno.news\/2021\/09\/photo1631057443-768x727.jpeg\" alt=\"Jorge Linhares e Jabes Alencar\"\/><figcaption>Jorge Linhares e Jabes Alencar&nbsp;\/ Foto: Reprodu\u00e7\u00e3o<\/figcaption><\/figure>\n\n\n\n<figure class=\"wp-block-image\"><img src=\"https:\/\/static.cdn.pleno.news\/2021\/09\/photo1631057619-768x581.jpeg\" alt=\"Lucinho Barreto e Paty Barreto\"\/><figcaption>Lucinho Barreto e Paty Barreto&nbsp;\/ Foto: Reprodu\u00e7\u00e3o<\/figcaption><\/figure>\n\n\n\n<figure class=\"wp-block-image\"><img src=\"https:\/\/static.cdn.pleno.news\/2021\/09\/photo1631057443-2-768x599.jpeg\" alt=\"Talitha Pereira e Arthur Pereira\"\/><figcaption>Talitha Pereira e Arthur Pereira&nbsp;\/ Foto: Reprodu\u00e7\u00e3o<\/figcaption><\/figure>\n\n\n\n<ul><li>1&nbsp;de 25<\/li><\/ul>\n\n\n\n<p>Na Praia de Copacabana, no Rio de Janeiro estiveram o pastor Josu\u00e9 Valandro Jr; o cantor Waguinho; a cantora Jozyanne com o esposo, o pastor Odilton \u00c2ngelo; a cantora L\u00e9a Mendon\u00e7a com o esposo, o pastor S\u00e9rgio Andrade; a cantora Francielli Santos, do Minist\u00e9rio Sarando a Terra Ferida e tantos outros brasileiros em busca de dias melhores.<\/p>\n\n\n\n<p>\u2013 Praia de Copacabana. Lotada pela liberdade de opini\u00e3o, de religi\u00e3o, de express\u00e3o, de voto limpo audit\u00e1vel! Pelo respeito entre os poderes e \u00e0 Constitui\u00e7\u00e3o Federal! \u2013 postou o pastor Josu\u00e9 Valandro Jr.<\/p>\n\n\n\n<figure class=\"wp-block-image\"><img src=\"https:\/\/static.cdn.pleno.news\/2021\/09\/photo1631057436-3.jpeg\" alt=\"\" class=\"wp-image-798952\"\/><figcaption>Jozyanne e fam\u00edlia&nbsp;Foto: Reprodu\u00e7\u00e3o<\/figcaption><\/figure>\n\n\n\n<p>No Recife, os pastores Talitha Pereira e Arthur Pereira, da Igreja do Amor, mostraram seu patriotismo e tamb\u00e9m foram \u00e0s manifesta\u00e7\u00f5es.<\/p>\n\n\n\n<figure class=\"wp-block-image\"><img src=\"https:\/\/static.cdn.pleno.news\/2021\/09\/photo1631057443-2.jpeg\" alt=\"\" class=\"wp-image-798942\"\/><figcaption>Talitha Pereira e Arthur Pereira&nbsp;Foto: Reprodu\u00e7\u00e3o<\/figcaption><\/figure>\n\n\n\n<p>E Belo Horizonte, os pastores Jorge Linhares e Jabes Alencar se juntaram ao brasileiros na defesa de um Brasil, assim como os pastores Lucinho Barreto e Paty Barreto.<\/p>\n\n\n\n<p>\u2013 BH mostrou hoje para o Brasil que vamos lutar por nossa liberdade! Brasil acima de tudo e Deus acima de todos! \u2013 escreveu Jorge Linhares.<\/p>\n\n\n\n<figure class=\"wp-block-image\"><img src=\"https:\/\/static.cdn.pleno.news\/2021\/09\/photo1631057443.jpeg\" alt=\"\" class=\"wp-image-798944\"\/><figcaption>Jorge Linhares e Jabes Alencar&nbsp;Foto: Reprodu\u00e7\u00e3o<\/figcaption><\/figure>\n","protected":false},"excerpt":{"rendered":"<p>Diversos l\u00edderes crist\u00e3os foram \u00e0s ruas, nesta ter\u00e7a-feira (7), em defesa da p\u00e1tria, da democracia e da liberdade de express\u00e3o. Na Avenida Paulista, em S\u00e3o Paulo, participaram nomes como os pastores Silas Malafaia, Cl\u00e1udio Duarte, Marco Feliciano, Abe Huber, Magno Malta e Ren\u00e9 Terra Nova e os ap\u00f3stolos Estevam Hernandes e Rina. As cantoras Eyshila [&hellip;]<\/p>\n","protected":false},"author":2,"featured_media":9331,"comment_status":"open","ping_status":"open","sticky":false,"template":"","format":"standard","meta":[],"categories":[5],"tags":[13,14],"_links":{"self":[{"href":"https:\/\/dgospel.com.br\/portal\/index.php\/wp-json\/wp\/v2\/posts\/9330"}],"collection":[{"href":"https:\/\/dgospel.com.br\/portal\/index.php\/wp-json\/wp\/v2\/posts"}],"about":[{"href":"https:\/\/dgospel.com.br\/portal\/index.php\/wp-json\/wp\/v2\/types\/post"}],"author":[{"embeddable":true,"href":"https:\/\/dgospel.com.br\/portal\/index.php\/wp-json\/wp\/v2\/users\/2"}],"replies":[{"embeddable":true,"href":"https:\/\/dgospel.com.br\/portal\/index.php\/wp-json\/wp\/v2\/comments?post=9330"}],"version-history":[{"count":1,"href":"https:\/\/dgospel.com.br\/portal\/index.php\/wp-json\/wp\/v2\/posts\/9330\/revisions"}],"predecessor-version":[{"id":9332,"href":"https:\/\/dgospel.com.br\/portal\/index.php\/wp-json\/wp\/v2\/posts\/9330\/revisions\/9332"}],"wp:featuredmedia":[{"embeddable":true,"href":"https:\/\/dgospel.com.br\/portal\/index.php\/wp-json\/wp\/v2\/media\/9331"}],"wp:attachment":[{"href":"https:\/\/dgospel.com.br\/portal\/index.php\/wp-json\/wp\/v2\/media?parent=9330"}],"wp:term":[{"taxonomy":"category","embeddable":true,"href":"https:\/\/dgospel.com.br\/portal\/index.php\/wp-json\/wp\/v2\/categories?post=9330"},{"taxonomy":"post_tag","embeddable":true,"href":"https:\/\/dgospel.com.br\/portal\/index.php\/wp-json\/wp\/v2\/tags?post=9330"}],"curies":[{"name":"wp","href":"https:\/\/api.w.org\/{rel}","templated":true}]}}