{"id":9333,"date":"2021-09-08T09:51:51","date_gmt":"2021-09-08T12:51:51","guid":{"rendered":"http:\/\/dgospel.com.br\/portal\/?p=9333"},"modified":"2021-09-08T09:51:52","modified_gmt":"2021-09-08T12:51:52","slug":"atos-contra-bolsonaro-fracassam-e-viram-piada-na-web-fiasco","status":"publish","type":"post","link":"https:\/\/dgospel.com.br\/portal\/index.php\/2021\/09\/08\/atos-contra-bolsonaro-fracassam-e-viram-piada-na-web-fiasco\/","title":{"rendered":"Atos contra Bolsonaro fracassam e viram piada na web: \u201cFiasco\u201d"},"content":{"rendered":"\n<figure class=\"wp-block-image\"><img src=\"https:\/\/static.cdn.pleno.news\/2021\/09\/Screenshot-2021-09-07T145726.336.png\" alt=\"Baixa ades\u00e3o aos protestos da esquerda viraram piada na web\"\/><figcaption>Baixa ades\u00e3o aos protestos da esquerda viraram piada na web&nbsp;\/ Foto: Reprodu\u00e7\u00e3o<\/figcaption><\/figure>\n\n\n\n<figure class=\"wp-block-image\"><img src=\"https:\/\/static.cdn.pleno.news\/2021\/09\/Screenshot-2021-09-07T145108.911.png\" alt=\"Baixa ades\u00e3o aos protestos da esquerda viraram piada na web\"\/><figcaption>Baixa ades\u00e3o aos protestos da esquerda viraram piada na web&nbsp;\/ Foto: Reprodu\u00e7\u00e3o<\/figcaption><\/figure>\n\n\n\n<figure class=\"wp-block-image\"><img src=\"https:\/\/static.cdn.pleno.news\/2021\/09\/Screenshot-2021-09-07T150957.996-768x434.png\" alt=\"Baixa ades\u00e3o aos protestos da esquerda viraram piada na web\"\/><figcaption>Baixa ades\u00e3o aos protestos da esquerda viraram piada na web&nbsp;\/ Foto: Jornalismo R\u00e1dio 93FM<\/figcaption><\/figure>\n\n\n\n<figure class=\"wp-block-image\"><img src=\"https:\/\/static.cdn.pleno.news\/2021\/09\/Screenshot-2021-09-07T144943.327.png\" alt=\"Baixa ades\u00e3o aos protestos da esquerda viraram piada na web\"\/><figcaption>Baixa ades\u00e3o aos protestos da esquerda viraram piada na web&nbsp;\/ Foto: Reprodu\u00e7\u00e3o<\/figcaption><\/figure>\n\n\n\n<figure class=\"wp-block-image\"><img src=\"https:\/\/static.cdn.pleno.news\/2021\/09\/567a7d0353e4295c224036e293ce22e5c7dd3e75m.jpg\" alt=\"Baixa ades\u00e3o aos protestos da esquerda viraram piada na web\"\/><figcaption>Baixa ades\u00e3o aos protestos da esquerda viraram piada na web&nbsp;\/ Foto: EFE\/Andr\u00e9 Coelho<\/figcaption><\/figure>\n\n\n\n<figure class=\"wp-block-image\"><img src=\"https:\/\/static.cdn.pleno.news\/2021\/09\/Screenshot-2021-09-07T144729.941.png\" alt=\"Baixa ades\u00e3o aos protestos da esquerda viraram piada na web\"\/><figcaption>Baixa ades\u00e3o aos protestos da esquerda viraram piada na web&nbsp;\/ Foto: Reprodu\u00e7\u00e3o<\/figcaption><\/figure>\n\n\n\n<figure class=\"wp-block-image\"><img src=\"https:\/\/static.cdn.pleno.news\/2021\/09\/Screenshot-2021-09-07T144712.642.png\" alt=\"Baixa ades\u00e3o aos protestos da esquerda viraram piada na web\"\/><figcaption>Baixa ades\u00e3o aos protestos da esquerda viraram piada na web&nbsp;\/ Foto: Reprodu\u00e7\u00e3o<\/figcaption><\/figure>\n\n\n\n<figure class=\"wp-block-image\"><img src=\"https:\/\/static.cdn.pleno.news\/2021\/09\/Screenshot-2021-09-07T151033.733.png\" alt=\"Baixa ades\u00e3o aos protestos da esquerda viraram piada na web\"\/><figcaption>Baixa ades\u00e3o aos protestos da esquerda viraram piada na web&nbsp;\/ Foto: Jornalismo R\u00e1dio 93FM<\/figcaption><\/figure>\n\n\n\n<figure class=\"wp-block-image\"><img src=\"https:\/\/static.cdn.pleno.news\/2021\/09\/Screenshot-2021-09-07T144641.715.png\" alt=\"Baixa ades\u00e3o aos protestos da esquerda viraram piada na web\"\/><figcaption>Baixa ades\u00e3o aos protestos da esquerda viraram piada na web&nbsp;\/ Foto: Reprodu\u00e7\u00e3o<\/figcaption><\/figure>\n\n\n\n<figure class=\"wp-block-image\"><img src=\"https:\/\/static.cdn.pleno.news\/2021\/09\/Screenshot-2021-09-07T144601.345.png\" alt=\"Baixa ades\u00e3o aos protestos da esquerda viraram piada na web\"\/><figcaption>Baixa ades\u00e3o aos protestos da esquerda viraram piada na web&nbsp;\/ Foto: Reprodu\u00e7\u00e3o<\/figcaption><\/figure>\n\n\n\n<figure class=\"wp-block-image\"><img src=\"https:\/\/static.cdn.pleno.news\/2021\/09\/6baed2547c8d348a784265cdf7513b33f116c597m-1.jpg\" alt=\"Baixa ades\u00e3o aos protestos da esquerda viraram piada na web\"\/><figcaption>Baixa ades\u00e3o aos protestos da esquerda viraram piada na web&nbsp;\/ Foto: EFE\/Andr\u00e9 Coelho<\/figcaption><\/figure>\n\n\n\n<figure class=\"wp-block-image\"><img src=\"https:\/\/static.cdn.pleno.news\/2021\/09\/Screenshot-2021-09-07T144508.447.png\" alt=\"Baixa ades\u00e3o aos protestos da esquerda viraram piada na web\"\/><figcaption>Baixa ades\u00e3o aos protestos da esquerda viraram piada na web&nbsp;\/ Foto: Reprodu\u00e7\u00e3o<\/figcaption><\/figure>\n\n\n\n<figure class=\"wp-block-image\"><img src=\"https:\/\/static.cdn.pleno.news\/2021\/09\/Screenshot-2021-09-07T143940.686.png\" alt=\"Baixa ades\u00e3o aos protestos da esquerda viraram piada na web\"\/><figcaption>Baixa ades\u00e3o aos protestos da esquerda viraram piada na web&nbsp;\/ Foto: Reprodu\u00e7\u00e3o<\/figcaption><\/figure>\n\n\n\n<figure class=\"wp-block-image\"><img src=\"https:\/\/static.cdn.pleno.news\/2021\/09\/Screenshot-2021-09-07T143733.479.png\" alt=\"Baixa ades\u00e3o aos protestos da esquerda viraram piada na web\"\/><figcaption>Baixa ades\u00e3o aos protestos da esquerda viraram piada na web&nbsp;\/ Foto: Reprodu\u00e7\u00e3o<\/figcaption><\/figure>\n\n\n\n<figure class=\"wp-block-image\"><img src=\"https:\/\/static.cdn.pleno.news\/2021\/09\/Screenshot-2021-09-07T141120.665.png\" alt=\"Baixa ades\u00e3o aos protestos da esquerda viraram piada na web\"\/><figcaption>Baixa ades\u00e3o aos protestos da esquerda viraram piada na web&nbsp;\/ Foto: Reprodu\u00e7\u00e3o<\/figcaption><\/figure>\n\n\n\n<figure class=\"wp-block-image\"><img src=\"https:\/\/static.cdn.pleno.news\/2021\/09\/8a5d834219517eeeb3faef659a39f55ff89d154fm.jpg\" alt=\"Baixa ades\u00e3o aos protestos da esquerda viraram piada na web\"\/><figcaption>Baixa ades\u00e3o aos protestos da esquerda viraram piada na web&nbsp;\/ Foto: EFE\/Andr\u00e9 Coelho<\/figcaption><\/figure>\n\n\n\n<p>A baixa participa\u00e7\u00e3o em atos promovidos por opositores do presidente Jair Bolsonaro, nesta ter\u00e7a-feira (7), virou motivo de piada nas redes sociais. Com tags como \u201cfiasco\u201d e \u201cfracasso\u201d, apoiadores do presidente compararam os protestos entre esquerda e direita, e fizeram chacota da falta de pessoas nos atos.<\/p>\n\n\n\n<p><\/p>\n","protected":false},"excerpt":{"rendered":"<p>A baixa participa\u00e7\u00e3o em atos promovidos por opositores do presidente Jair Bolsonaro, nesta ter\u00e7a-feira (7), virou motivo de piada nas redes sociais. Com tags como \u201cfiasco\u201d e \u201cfracasso\u201d, apoiadores do presidente compararam os protestos entre esquerda e direita, e fizeram chacota da falta de pessoas nos atos.<\/p>\n","protected":false},"author":2,"featured_media":9334,"comment_status":"open","ping_status":"open","sticky":false,"template":"","format":"standard","meta":[],"categories":[4],"tags":[],"_links":{"self":[{"href":"https:\/\/dgospel.com.br\/portal\/index.php\/wp-json\/wp\/v2\/posts\/9333"}],"collection":[{"href":"https:\/\/dgospel.com.br\/portal\/index.php\/wp-json\/wp\/v2\/posts"}],"about":[{"href":"https:\/\/dgospel.com.br\/portal\/index.php\/wp-json\/wp\/v2\/types\/post"}],"author":[{"embeddable":true,"href":"https:\/\/dgospel.com.br\/portal\/index.php\/wp-json\/wp\/v2\/users\/2"}],"replies":[{"embeddable":true,"href":"https:\/\/dgospel.com.br\/portal\/index.php\/wp-json\/wp\/v2\/comments?post=9333"}],"version-history":[{"count":1,"href":"https:\/\/dgospel.com.br\/portal\/index.php\/wp-json\/wp\/v2\/posts\/9333\/revisions"}],"predecessor-version":[{"id":9335,"href":"https:\/\/dgospel.com.br\/portal\/index.php\/wp-json\/wp\/v2\/posts\/9333\/revisions\/9335"}],"wp:featuredmedia":[{"embeddable":true,"href":"https:\/\/dgospel.com.br\/portal\/index.php\/wp-json\/wp\/v2\/media\/9334"}],"wp:attachment":[{"href":"https:\/\/dgospel.com.br\/portal\/index.php\/wp-json\/wp\/v2\/media?parent=9333"}],"wp:term":[{"taxonomy":"category","embeddable":true,"href":"https:\/\/dgospel.com.br\/portal\/index.php\/wp-json\/wp\/v2\/categories?post=9333"},{"taxonomy":"post_tag","embeddable":true,"href":"https:\/\/dgospel.com.br\/portal\/index.php\/wp-json\/wp\/v2\/tags?post=9333"}],"curies":[{"name":"wp","href":"https:\/\/api.w.org\/{rel}","templated":true}]}}