{"id":9336,"date":"2021-09-08T10:23:07","date_gmt":"2021-09-08T13:23:07","guid":{"rendered":"http:\/\/dgospel.com.br\/portal\/?p=9336"},"modified":"2021-09-08T10:23:09","modified_gmt":"2021-09-08T13:23:09","slug":"pastores-fazem-oracoes-e-apelo-em-manifestacoes-de-7-de-setembro-pela-liberdade","status":"publish","type":"post","link":"https:\/\/dgospel.com.br\/portal\/index.php\/2021\/09\/08\/pastores-fazem-oracoes-e-apelo-em-manifestacoes-de-7-de-setembro-pela-liberdade\/","title":{"rendered":"Pastores fazem ora\u00e7\u00f5es e apelo em manifesta\u00e7\u00f5es de 7 de setembro: \u201cPela liberdade\u201d"},"content":{"rendered":"\n<p>\n\nO Brasil completou neste \u201c7 de setembro\u201d, 199 anos de sua independ\u00eancia. A data \u00e9 comemorada anualmente com desfiles c\u00edvicos e apresenta\u00e7\u00f5es que remetem \u00e0 import\u00e2ncia do ato, concretizado por D. Pedro I. Pelo seu simbolismo, o dia \u00e9 marcado por ora\u00e7\u00f5es pelo pa\u00eds.\n\n<\/p>\n\n\n\n<figure class=\"wp-block-image\"><img src=\"https:\/\/thumbor.guiame.com.br\/unsafe\/840x500\/http:\/\/media.guiame.com.br\/archives\/2021\/09\/07\/296678784-brasilia.jpg\" alt=\"Manifestantes participam de ato na Esplanada dos Minist\u00e9rios. (Foto: Fabio Rodrigues-Pozzebom \/ Ag\u00eancia Brasil)\"\/><figcaption>Manifestantes participam de ato na Esplanada dos Minist\u00e9rios. (Foto: Fabio Rodrigues-Pozzebom \/ Ag\u00eancia Brasil)<\/figcaption><\/figure>\n\n\n\n\n\n<p>Neste ano, um novo ingrediente foi adicionado \u00e0s comemora\u00e7\u00f5es, em todas as capitais houve manifesta\u00e7\u00f5es populares ao ar livre, que tomaram pontos de destaque nas principais cidades. Em S\u00e3o Paulo, os eventos aconteceram na Avenida Paulista, palco praticamente fixo de atos p\u00fablicos; no Rio de Janeiro, a orla de Copacabana foi o cen\u00e1rio dos encontros; em Bras\u00edlia, toda a Esplanada dos Minist\u00e9rios e outros pontos da capital federal ficaram tomados de populares.PUBLICIDADE<\/p>\n\n\n\n\n\n<p>Milh\u00f5es de pessoas sa\u00edram de suas casas com um forte apelo por \u201cdemocracia, respeito \u00e0 Constitui\u00e7\u00e3o Federal e \u00e0s liberdades\u201d. Os discursos giraram em torno dessas pautas, para muitos, amea\u00e7adas no pa\u00eds, que se encontra polarizado politicamente.<\/p>\n\n\n\n<p>De acordo com comentaristas pol\u00edticos, essas foram as maiores manifesta\u00e7\u00f5es populares no pa\u00eds at\u00e9 hoje. Fam\u00edlias inteiras sa\u00edram \u00e0s ruas, levando seus idosos e crian\u00e7as, pintado de verde e amarelo os locais onde as manifesta\u00e7\u00f5es aconteceram. Com isso, a ideia era mostrar que os eventos seriam pac\u00edficos, como de fato, foram, de acordo com not\u00edcias veiculadas.<\/p>\n\n\n\n<p>Bandeiras do Brasil desfilaram nas m\u00e3os e sobre os ombros das pessoas, em alus\u00e3o ao real motivo dos eventos: respeito \u00e0 Na\u00e7\u00e3o e \u00e0 Constitui\u00e7\u00e3o que garante liberdade aos cidad\u00e3os.<\/p>\n\n\n\n<p><strong>Lideran\u00e7as crist\u00e3s<\/strong><\/p>\n\n\n\n<p>Os atos mobilizaram de forma quase que un\u00e2nime a lideran\u00e7a evang\u00e9lica brasileira, que ao longo dos dias que antecederam o feriado de \u201c7 de Setembro\u201d, fizeram manifesta\u00e7\u00f5es pelas redes sociais e at\u00e9 convoca\u00e7\u00f5es para que as pessoas sa\u00edssem para orar pelo Brasil. A principal recomenda\u00e7\u00e3o era para que todos se manifestassem de forma ordeira e de forma c\u00edvica.<\/p>\n\n\n\n<p>Em Bras\u00edlia, diversos pastores estiveram com o presidente da Rep\u00fablica antes mesmo das manifesta\u00e7\u00f5es. Eles se reuniram com&nbsp;<strong><a href=\"https:\/\/www.guiame.com.br\/gospel\/noticias\/jair-bolsonaro-convoca-dia-de-jejum-e-oracao-pelo-brasil-nesta-segunda-feira.html\">Jair Bolsonaro<\/a><\/strong>&nbsp;para orar pelo chefe da na\u00e7\u00e3o.<\/p>\n\n\n\n<blockquote class=\"wp-block-quote\"><p>\ud83d\udd30Dia quente: 32 graus e a umidade relativa em torno de 20%, e mesmo assim o povo foi para a Esplanada dos Minist\u00e9rios!<br><br>Foi incr\u00edvel!<br><br>A nossa bandeira jamais ser\u00e1 vermelha! \ud83c\udde7\ud83c\uddf7&nbsp;<a href=\"https:\/\/t.co\/mfljT3kJQK\">pic.twitter.com\/mfljT3kJQK<\/a>\u2014 Damares Alves (@DamaresAlves)&nbsp;<a href=\"https:\/\/twitter.com\/DamaresAlves\/status\/1435259652476973059?ref_src=twsrc%5Etfw\">September 7, 2021<\/a><\/p><\/blockquote>\n\n\n\n<p>Presidente do Conselho de Pastores do Estado de S\u00e3o Paulo (CPESP), o Pr. Edson Rebustini postou uma foto ao lado do chefe do Executivo, com quem esteve na v\u00e9spera do feriado, lembrando que tr\u00eas anos anteriores o presidente havia sofrido um atentado. O l\u00edder da Igreja B\u00edblica da Paz, participou das manifesta\u00e7\u00f5es em Bras\u00edlia e na Avenida Paulista.<\/p>\n\n\n\n<p>Em Belo Horizonte, o Pr.&nbsp;<strong><a href=\"https:\/\/www.guiame.com.br\/gospel\/mundo-cristao\/jorge-linhares-sera-investigado-sobre-postagem-de-video-que-defende-valores-biblicos.html\">Jorge Linhares<\/a><\/strong>, da Igreja Batista Gets\u00eamani, esteve ao lado do Pr. Jabes Alencar e outras lideran\u00e7as locais para orar pelo pa\u00eds. \u201cBH mostrou hoje para o Brasil que vamos lutar por nossa liberdade! Brasil acima de tudo e Deus acima de todos!\u201d, declarou.<\/p>\n\n\n\n<p>Pastor de Jovens na Igreja Batista da Lagoinha, Lucinho Barreto escreveu em seu Instagram: \u201cO Brasil \u00e9 de Jesus e nenhum togado vai bancar de rei dessa na\u00e7\u00e3o! SUPREMO \u00c9 JESUS!\u201d.<\/p>\n\n\n\n<p>No Rio, o Pr. Josu\u00e9 Valandro, da Igreja Batista Atitude, disse que a Praia de Copacabana estava \u201clotada pela liberdade de opini\u00e3o, de religi\u00e3o, de express\u00e3o, de voto limpo adit\u00e1vel e limpo! Pelo respeito entre os poderes e \u00e0 Constitui\u00e7\u00e3o Federal!\u201d.<\/p>\n\n\n\n<figure class=\"wp-block-image\"><img src=\"https:\/\/thumbor.guiame.com.br\/unsafe\/smart\/https:\/\/media.guiame.com.br\/archives\/2021\/09\/07\/1527308429-.jpeg\" alt=\"\"\/><\/figure>\n\n\n\n<p><sup>Manifesta\u00e7\u00e3o na avenida Paulista marca feriado de 7 de setembro. (Foto: Renato S. Cerqueira \/ Futura Press \/ Estad\u00e3o Conte\u00fado)<\/sup><\/p>\n\n\n\n<p>Um dos l\u00edderes evang\u00e9licos mais atuantes nas redes sociais,&nbsp;<strong><a href=\"https:\/\/www.guiame.com.br\/gospel\/noticias\/silas-malafaia-e-alvo-de-acao-por-transfobia-apos-criticar-campanha-com-thammy-miranda.html\">Silas Malafaia<\/a><\/strong>&nbsp;disse que as manifesta\u00e7\u00f5es tinham como principal objetivo defender a Constitui\u00e7\u00e3o. Ele esteve em Bras\u00edlia, onde fez uma ora\u00e7\u00e3o na Esplanada dos Minist\u00e9rio, ao lado do presidente. Na parte da tarde, Malafaia esteve em S\u00e3o Paulo, onde gravou imagens da Avenida paulista lotada.<\/p>\n\n\n\n<p>Ao lado de figuras como o ex-senador Magno Malta, o ap\u00f3stolo C\u00e9sar Augusto, da Igreja Fonte da Vida, e do Pr. Malafaia, da Assembleia de Deus Vit\u00f3ria em Cristo, o presidente Bolsonaro discursou na Paulista durante 20 minutos. Em sua fala, reafirmou que \u201cs\u00f3 Deus\u201d o tira da presid\u00eancia.<\/p>\n\n\n\n<p>Em seu discurso, o presidente criticou as a\u00e7\u00f5es de alguns governadores e prefeitos na gest\u00e3o da pandemia. \u201cIgnoraram a Constitui\u00e7\u00e3o, tolheram a liberdade de express\u00e3o, o direito de ir e vir, o direito de trabalhar e de frequentar os templos religiosos para suas ora\u00e7\u00f5es\u201d, descreveu.<\/p>\n","protected":false},"excerpt":{"rendered":"<p>O Brasil completou neste \u201c7 de setembro\u201d, 199 anos de sua independ\u00eancia. A data \u00e9 comemorada anualmente com desfiles c\u00edvicos e apresenta\u00e7\u00f5es que remetem \u00e0 import\u00e2ncia do ato, concretizado por D. Pedro I. Pelo seu simbolismo, o dia \u00e9 marcado por ora\u00e7\u00f5es pelo pa\u00eds. Neste ano, um novo ingrediente foi adicionado \u00e0s comemora\u00e7\u00f5es, em todas [&hellip;]<\/p>\n","protected":false},"author":2,"featured_media":9337,"comment_status":"open","ping_status":"open","sticky":false,"template":"","format":"standard","meta":[],"categories":[5],"tags":[13],"_links":{"self":[{"href":"https:\/\/dgospel.com.br\/portal\/index.php\/wp-json\/wp\/v2\/posts\/9336"}],"collection":[{"href":"https:\/\/dgospel.com.br\/portal\/index.php\/wp-json\/wp\/v2\/posts"}],"about":[{"href":"https:\/\/dgospel.com.br\/portal\/index.php\/wp-json\/wp\/v2\/types\/post"}],"author":[{"embeddable":true,"href":"https:\/\/dgospel.com.br\/portal\/index.php\/wp-json\/wp\/v2\/users\/2"}],"replies":[{"embeddable":true,"href":"https:\/\/dgospel.com.br\/portal\/index.php\/wp-json\/wp\/v2\/comments?post=9336"}],"version-history":[{"count":1,"href":"https:\/\/dgospel.com.br\/portal\/index.php\/wp-json\/wp\/v2\/posts\/9336\/revisions"}],"predecessor-version":[{"id":9338,"href":"https:\/\/dgospel.com.br\/portal\/index.php\/wp-json\/wp\/v2\/posts\/9336\/revisions\/9338"}],"wp:featuredmedia":[{"embeddable":true,"href":"https:\/\/dgospel.com.br\/portal\/index.php\/wp-json\/wp\/v2\/media\/9337"}],"wp:attachment":[{"href":"https:\/\/dgospel.com.br\/portal\/index.php\/wp-json\/wp\/v2\/media?parent=9336"}],"wp:term":[{"taxonomy":"category","embeddable":true,"href":"https:\/\/dgospel.com.br\/portal\/index.php\/wp-json\/wp\/v2\/categories?post=9336"},{"taxonomy":"post_tag","embeddable":true,"href":"https:\/\/dgospel.com.br\/portal\/index.php\/wp-json\/wp\/v2\/tags?post=9336"}],"curies":[{"name":"wp","href":"https:\/\/api.w.org\/{rel}","templated":true}]}}