{"id":9342,"date":"2021-09-08T16:04:29","date_gmt":"2021-09-08T19:04:29","guid":{"rendered":"http:\/\/dgospel.com.br\/portal\/?p=9342"},"modified":"2021-09-08T16:04:31","modified_gmt":"2021-09-08T19:04:31","slug":"homem-que-ia-protestar-contra-bolsonaro-e-preso-com-faca-no-rj","status":"publish","type":"post","link":"https:\/\/dgospel.com.br\/portal\/index.php\/2021\/09\/08\/homem-que-ia-protestar-contra-bolsonaro-e-preso-com-faca-no-rj\/","title":{"rendered":"Homem que ia protestar contra Bolsonaro \u00e9 preso com faca no RJ"},"content":{"rendered":"\n<p>\n\nA Pol\u00edcia Militar prendeu um homem que portava uma faca, um soco ingl\u00eas e materiais para fabricar coquetel motolov durante os atos desta ter\u00e7a-feira (8), em Copacabana (RJ). O estudante de gastronomia Eduardo Napole\u00e3o Richer Filho, de 20 anos, disse \u00e0s autoridades que iria \u00e0 manifesta\u00e7\u00e3o contra o governo de&nbsp;<a rel=\"noreferrer noopener\" href=\"https:\/\/pleno.news\/tag\/jair-bolsonaro\" target=\"_blank\">Jair Bolsonaro<\/a>&nbsp;no Centro da cidade.\n\n<\/p>\n\n\n\n<figure class=\"wp-block-image\"><img src=\"https:\/\/static.cdn.pleno.news\/2021\/09\/xpreso.jpg.pagespeed.ic_.sHLeKklxBK.jpg\" alt=\"Homem \u00e9 preso com faca e soco ingl\u00eas em Copacabana\" class=\"wp-image-799217\"\/><figcaption>Eduardo Napole\u00e3o Richer Filho foi levado at\u00e9 uma delegacia em Ipanema&nbsp;Foto: Divulga\u00e7\u00e3o<\/figcaption><\/figure>\n\n\n\n<p>O jovem foi preso na Rua Bol\u00edvar, ap\u00f3s os policiais suspeitarem de que ele poderia estar escondendo algo devido ao grande volume em sua roupa. Na mochila, foram encontrados broches do revolucion\u00e1rio marxista Che Guevara, uma m\u00e1scara de Salvador Dal\u00ed, usada por assaltantes da s\u00e9rie espanhola La Casa de Papel, e um kit de primeiros socorros.<\/p>\n\n\n\n<figure class=\"wp-block-image\"><img src=\"https:\/\/static.cdn.pleno.news\/2021\/09\/xwhatsapp-image-2021-09-07-at-14.08.57.jpeg.jpg.pagespeed.ic_.N1Upf2h4hN.jpg\" alt=\"Homem \u00e9 preso com faca e soco ingl\u00eas em Copacabana\" class=\"wp-image-799218\"\/><figcaption>Material encontrado na mochila do rapaz&nbsp;Foto: Divulga\u00e7\u00e3o<\/figcaption><\/figure>\n\n\n\n<p>Em seu depoimento, o estudante afirmou que mora no Leblon e que havia marcado de encontrar dois amigos para irem juntos ao protesto. Seus colegas teriam se atrasado, ent\u00e3o ele decidiu caminhar pelo bairro. O jovem declarou n\u00e3o ser filiado a nenhum partido pol\u00edtico e que portava armas brancas sempre que se sentia amea\u00e7ado.<\/p>\n\n\n\n<figure class=\"wp-block-image\"><img src=\"https:\/\/static.cdn.pleno.news\/2021\/09\/xwhatsapp-image-2021-09-07-at-14.08.58.jpeg.jpg.pagespeed.ic_.vjLDLDlffR.jpg\" alt=\"Homem \u00e9 preso com faca e soco ingl\u00eas em Copacabana\" class=\"wp-image-799216\"\/><figcaption>Material encontrado na mochila do rapaz&nbsp;Foto: Divulga\u00e7\u00e3o<\/figcaption><\/figure>\n\n\n\n<p>Eduardo foi levado at\u00e9 a 13\u00aa DP (Ipanema), onde os policiais identificaram que ele possui ocorr\u00eancia por les\u00e3o corporal, em 2017, \u00e9poca em que ele ainda era menor de idade.<\/p>\n","protected":false},"excerpt":{"rendered":"<p>A Pol\u00edcia Militar prendeu um homem que portava uma faca, um soco ingl\u00eas e materiais para fabricar coquetel motolov durante os atos desta ter\u00e7a-feira (8), em Copacabana (RJ). O estudante de gastronomia Eduardo Napole\u00e3o Richer Filho, de 20 anos, disse \u00e0s autoridades que iria \u00e0 manifesta\u00e7\u00e3o contra o governo de&nbsp;Jair Bolsonaro&nbsp;no Centro da cidade. O [&hellip;]<\/p>\n","protected":false},"author":2,"featured_media":9343,"comment_status":"open","ping_status":"open","sticky":false,"template":"","format":"standard","meta":[],"categories":[4],"tags":[],"_links":{"self":[{"href":"https:\/\/dgospel.com.br\/portal\/index.php\/wp-json\/wp\/v2\/posts\/9342"}],"collection":[{"href":"https:\/\/dgospel.com.br\/portal\/index.php\/wp-json\/wp\/v2\/posts"}],"about":[{"href":"https:\/\/dgospel.com.br\/portal\/index.php\/wp-json\/wp\/v2\/types\/post"}],"author":[{"embeddable":true,"href":"https:\/\/dgospel.com.br\/portal\/index.php\/wp-json\/wp\/v2\/users\/2"}],"replies":[{"embeddable":true,"href":"https:\/\/dgospel.com.br\/portal\/index.php\/wp-json\/wp\/v2\/comments?post=9342"}],"version-history":[{"count":1,"href":"https:\/\/dgospel.com.br\/portal\/index.php\/wp-json\/wp\/v2\/posts\/9342\/revisions"}],"predecessor-version":[{"id":9344,"href":"https:\/\/dgospel.com.br\/portal\/index.php\/wp-json\/wp\/v2\/posts\/9342\/revisions\/9344"}],"wp:featuredmedia":[{"embeddable":true,"href":"https:\/\/dgospel.com.br\/portal\/index.php\/wp-json\/wp\/v2\/media\/9343"}],"wp:attachment":[{"href":"https:\/\/dgospel.com.br\/portal\/index.php\/wp-json\/wp\/v2\/media?parent=9342"}],"wp:term":[{"taxonomy":"category","embeddable":true,"href":"https:\/\/dgospel.com.br\/portal\/index.php\/wp-json\/wp\/v2\/categories?post=9342"},{"taxonomy":"post_tag","embeddable":true,"href":"https:\/\/dgospel.com.br\/portal\/index.php\/wp-json\/wp\/v2\/tags?post=9342"}],"curies":[{"name":"wp","href":"https:\/\/api.w.org\/{rel}","templated":true}]}}