{"id":9345,"date":"2021-09-08T16:20:53","date_gmt":"2021-09-08T19:20:53","guid":{"rendered":"http:\/\/dgospel.com.br\/portal\/?p=9345"},"modified":"2021-09-08T16:20:56","modified_gmt":"2021-09-08T19:20:56","slug":"malafaia-e-feliciano-repudiam-excessos-de-alexandre-de-moraes-liberdade-de-expressao-ja","status":"publish","type":"post","link":"https:\/\/dgospel.com.br\/portal\/index.php\/2021\/09\/08\/malafaia-e-feliciano-repudiam-excessos-de-alexandre-de-moraes-liberdade-de-expressao-ja\/","title":{"rendered":"Malafaia e Feliciano repudiam excessos de Alexandre de Moraes: \u2018Liberdade de express\u00e3o j\u00e1\u2019"},"content":{"rendered":"\n<p> Os pastores Silas Malafaia e Marco Feliciano compartilharam, em suas redes sociais, alguns v\u00eddeos mostrando as mobiliza\u00e7\u00f5es do povo brasileiro no 7 de setembro em defesa da liberdade de express\u00e3o e da Constitui\u00e7\u00e3o Federal. <\/p>\n\n\n\n<p>\u201cPovo do Brasil, 12h30. Olha a massa humana na Avenida Paulista. Isso aqui \u00e9 bolsonarista, cambada de canalhas da Rede Globo? Isso aqui \u00e9 povo, seus bandidos. Isso \u00e9 o povo brasileiro contra o ditador da toga, Alexandre de Moraes. O povo \u00e9 o supremo poder\u201d, disse o pastor Malafaia.<\/p>\n\n\n\n<p>Em seguida, o l\u00edder da Assembleia de Deus Vit\u00f3ria em Cristo (ADVEC) expressou sua indigna\u00e7\u00e3o com o cen\u00e1rio de autoritarismo: \u201cV\u00e3o ter que se render ao povo. N\u00e3o \u00e9 quest\u00e3o de Bolsonaro, \u00e9 quest\u00e3o constitucional\u201d,&nbsp;<a target=\"_blank\" href=\"https:\/\/twitter.com\/PastorMalafaia\/status\/1435328517378609156\" rel=\"noreferrer noopener\">acrescentou<\/a>.<\/p>\n\n\n\n<p>Em outro momento, ap\u00f3s o discurso do presidente Jair Bolsonaro, o pastor aproveitou para desdenhar das manifesta\u00e7\u00f5es realizadas pela esquerda em diferentes locais: \u201cS\u00f3 KKKKK Muito! As manifesta\u00e7\u00f5es contra Bolsonaro foram p\u00edfias, rid\u00edculas. Que vergonha!\u201d<br>AN\u00daNCIO<\/p>\n\n\n\n\n\n<p>\u201cMilh\u00f5es na Av. paulista apoiando Bolsonaro e a\u00a0<a href=\"https:\/\/noticias.gospelmais.com.br\/liberdade-facada-bolsonaro-gratidao-deus-149086.html\"><strong>liberdade de express\u00e3o<\/strong><\/a>. O choro \u00e9 livre!\u201d, tripudiou o pastor, mostrando um v\u00eddeo com imagens a\u00e9reas da concentra\u00e7\u00e3o que tomou o principal endere\u00e7o de S\u00e3o Paulo praticamente de ponta a ponta.<\/p>\n\n\n\n<figure class=\"wp-block-embed-twitter wp-block-embed is-type-rich is-provider-twitter\"><div class=\"wp-block-embed__wrapper\">\n<blockquote class=\"twitter-tweet\" data-width=\"550\" data-dnt=\"true\"><p lang=\"pt\" dir=\"ltr\">Um dos momentos na Paulista quando o sol estava bem forte. <a href=\"https:\/\/t.co\/4CtB9nUxKa\">pic.twitter.com\/4CtB9nUxKa<\/a><\/p>&mdash; Silas Malafaia (@PastorMalafaia) <a href=\"https:\/\/twitter.com\/PastorMalafaia\/status\/1435328517378609156?ref_src=twsrc%5Etfw\">September 7, 2021<\/a><\/blockquote><script async src=\"https:\/\/platform.twitter.com\/widgets.js\" charset=\"utf-8\"><\/script>\n<\/div><\/figure>\n\n\n\n<figure class=\"wp-block-embed-twitter wp-block-embed is-type-rich is-provider-twitter\"><div class=\"wp-block-embed__wrapper\">\n<blockquote class=\"twitter-tweet\" data-width=\"550\" data-dnt=\"true\"><p lang=\"pt\" dir=\"ltr\">Milh\u00f5es na Av. paulista apoiando Bolsonaro e a liberdade de express\u00e3o. O choro \u00e9 livre! \ud83c\udde7\ud83c\uddf7 <a href=\"https:\/\/t.co\/ZNnR63zsaO\">pic.twitter.com\/ZNnR63zsaO<\/a><\/p>&mdash; Silas Malafaia (@PastorMalafaia) <a href=\"https:\/\/twitter.com\/PastorMalafaia\/status\/1435346192171507717?ref_src=twsrc%5Etfw\">September 7, 2021<\/a><\/blockquote><script async src=\"https:\/\/platform.twitter.com\/widgets.js\" charset=\"utf-8\"><\/script>\n<\/div><\/figure>\n\n\n\n<h3>Liberdade de express\u00e3o<\/h3>\n\n\n\n<p>Outro que esteve na manifesta\u00e7\u00e3o em S\u00e3o Paulo foi o pastor Marco Feliciano (Republicanos-SP), que discursou defendendo a imunidade parlamentar em quaisquer palavras e votos.<\/p>\n\n\n\n\n\n<p>\u201cUm grande amigo meu que gostaria de estar aqui, mas est\u00e1 impossibilitado. Ele \u00e9 deputado como eu, e foi o primeiro deputado, desses \u00faltimos dias, a ser preso por expor sua opini\u00e3o. Quero mandar um abra\u00e7o para o Daniel Silveira, o Brasil est\u00e1 com voc\u00ea, Daniel\u201d, disse Feliciano.<\/p>\n\n\n\n<p>O pastor lembrou que a censura \u00e9 uma caracter\u00edstica indissoci\u00e1vel de regimes totalit\u00e1rios e pontuou que o povo brasileiro n\u00e3o ir\u00e1 se render aos excessos da elite do Poder Judici\u00e1rio.<\/p>\n\n\n\n<p>\u201cA nossa liberdade de express\u00e3o n\u00e3o pode jamais ser tolhida. A nossa liberdade de pensamento n\u00e3o pode ser tirada. Se eu n\u00e3o posso pensar, eu n\u00e3o posso existir. Eu vivo no Brasil, n\u00e3o estou em Cuba, n\u00e3o estou na Venezuela. Quem n\u00e3o quer essa democracia v\u00e1 para Cuba, Venezuela, Nicar\u00e1gua. Mas os que ficarem aqui, fiquem e ter\u00e3o liberdade\u201d, disse.<\/p>\n\n\n\n<p>Feliciano tamb\u00e9m lembrou do jornalista Oswaldo Eust\u00e1quio, evang\u00e9lico, que foi preso por ordem do ministro Alexandre de Moraes e terminou parapl\u00e9gico: \u201cEst\u00e1 numa cadeira de rodas, simplesmente porque aprouve seu cora\u00e7\u00e3o contar aquilo que ele sonhava para o Brasil\u201d.<\/p>\n\n\n\n<\n\n\n\n<p>\u201cFoi preso, dentro da pris\u00e3o foi violentado. Paralisaram as pernas do Oswaldo, mas n\u00e3o paralisaram a sua alma de brasileiro. N\u00e3o paralisaram seu patriotismo\u201d, enalteceu.<\/p>\n\n\n\n<p>Por fim, o pastor lembrou do colega de minist\u00e9rio e mandato, Otoni de Paula (PSC-RJ): \u201c\u00c9 um guerreiro e hoje est\u00e1 com sua vida sendo devastada simplesmente por ser deputado federal e por ter exposto seu pensamento\u201d.<\/p>\n\n\n\n<p>\u201cQuero fazer um apelo ao presidente da C\u00e2mara dos Deputados, ao presidente do Senado: deem mais dignidade, porque eu como deputado ando medindo as minhas palavras. \u00c9 inadmiss\u00edvel isso. [\u2026] Liberdade de express\u00e3o j\u00e1\u201d, encerrou.<\/p>\n\n\n\n<figure class=\"wp-block-embed-twitter wp-block-embed is-type-rich is-provider-twitter\"><div class=\"wp-block-embed__wrapper\">\n<blockquote class=\"twitter-tweet\" data-width=\"550\" data-dnt=\"true\"><p lang=\"pt\" dir=\"ltr\">Liberdade de express\u00e3o j\u00e1! &#8211; 07\/09\/2021 <a href=\"https:\/\/t.co\/QG6SLSjvUL\">pic.twitter.com\/QG6SLSjvUL<\/a><\/p>&mdash; \ud83d\udc4a\ud83c\udde7\ud83c\uddf7 Marco Feliciano (@marcofeliciano) <a href=\"https:\/\/twitter.com\/marcofeliciano\/status\/1435415613049016320?ref_src=twsrc%5Etfw\">September 8, 2021<\/a><\/blockquote><script async src=\"https:\/\/platform.twitter.com\/widgets.js\" charset=\"utf-8\"><\/script>\n<\/div><\/figure>\n\n\n\n<figure class=\"wp-block-embed-twitter wp-block-embed is-type-rich is-provider-twitter\"><div class=\"wp-block-embed__wrapper\">\n<blockquote class=\"twitter-tweet\" data-width=\"550\" data-dnt=\"true\"><p lang=\"pt\" dir=\"ltr\">Zapeando a TV do hotel, encontro os jornalistas da <a href=\"https:\/\/twitter.com\/GloboboNews?ref_src=twsrc%5Etfw\">@GloboboNews<\/a> em flagrante desespero, acusando manifestantes de estarem aglomerando, dizendo q n\u00e3o tem tanta gente e com uma tarja preta associando a linda manifesta\u00e7\u00e3o com atos \u201cantidemocr\u00e1ticos\u201d. Realmente um lixo de emissora.<\/p>&mdash; \ud83d\udc4a\ud83c\udde7\ud83c\uddf7 Marco Feliciano (@marcofeliciano) <a href=\"https:\/\/twitter.com\/marcofeliciano\/status\/1435244679386312713?ref_src=twsrc%5Etfw\">September 7, 2021<\/a><\/blockquote><script async src=\"https:\/\/platform.twitter.com\/widgets.js\" charset=\"utf-8\"><\/script>\n<\/div><\/figure>\n","protected":false},"excerpt":{"rendered":"<p>Os pastores Silas Malafaia e Marco Feliciano compartilharam, em suas redes sociais, alguns v\u00eddeos mostrando as mobiliza\u00e7\u00f5es do povo brasileiro no 7 de setembro em defesa da liberdade de express\u00e3o e da Constitui\u00e7\u00e3o Federal. \u201cPovo do Brasil, 12h30. Olha a massa humana na Avenida Paulista. Isso aqui \u00e9 bolsonarista, cambada de canalhas da Rede Globo? [&hellip;]<\/p>\n","protected":false},"author":2,"featured_media":9346,"comment_status":"open","ping_status":"open","sticky":false,"template":"","format":"standard","meta":[],"categories":[4],"tags":[],"_links":{"self":[{"href":"https:\/\/dgospel.com.br\/portal\/index.php\/wp-json\/wp\/v2\/posts\/9345"}],"collection":[{"href":"https:\/\/dgospel.com.br\/portal\/index.php\/wp-json\/wp\/v2\/posts"}],"about":[{"href":"https:\/\/dgospel.com.br\/portal\/index.php\/wp-json\/wp\/v2\/types\/post"}],"author":[{"embeddable":true,"href":"https:\/\/dgospel.com.br\/portal\/index.php\/wp-json\/wp\/v2\/users\/2"}],"replies":[{"embeddable":true,"href":"https:\/\/dgospel.com.br\/portal\/index.php\/wp-json\/wp\/v2\/comments?post=9345"}],"version-history":[{"count":1,"href":"https:\/\/dgospel.com.br\/portal\/index.php\/wp-json\/wp\/v2\/posts\/9345\/revisions"}],"predecessor-version":[{"id":9347,"href":"https:\/\/dgospel.com.br\/portal\/index.php\/wp-json\/wp\/v2\/posts\/9345\/revisions\/9347"}],"wp:featuredmedia":[{"embeddable":true,"href":"https:\/\/dgospel.com.br\/portal\/index.php\/wp-json\/wp\/v2\/media\/9346"}],"wp:attachment":[{"href":"https:\/\/dgospel.com.br\/portal\/index.php\/wp-json\/wp\/v2\/media?parent=9345"}],"wp:term":[{"taxonomy":"category","embeddable":true,"href":"https:\/\/dgospel.com.br\/portal\/index.php\/wp-json\/wp\/v2\/categories?post=9345"},{"taxonomy":"post_tag","embeddable":true,"href":"https:\/\/dgospel.com.br\/portal\/index.php\/wp-json\/wp\/v2\/tags?post=9345"}],"curies":[{"name":"wp","href":"https:\/\/api.w.org\/{rel}","templated":true}]}}