{"id":9348,"date":"2021-09-08T17:02:02","date_gmt":"2021-09-08T20:02:02","guid":{"rendered":"http:\/\/dgospel.com.br\/portal\/?p=9348"},"modified":"2021-09-08T17:02:29","modified_gmt":"2021-09-08T20:02:29","slug":"arthur-lira-se-pronuncia-com-discurso-equilibrado-a-constituicao-jamais-sera-rasgada","status":"publish","type":"post","link":"https:\/\/dgospel.com.br\/portal\/index.php\/2021\/09\/08\/arthur-lira-se-pronuncia-com-discurso-equilibrado-a-constituicao-jamais-sera-rasgada\/","title":{"rendered":"Arthur Lira se pronuncia com discurso equilibrado \u201cA Constitui\u00e7\u00e3o jamais ser\u00e1 rasgada\u201d"},"content":{"rendered":"\n<p>Em pronunciamento feito nesta quarta-feira (8), relativo aos acontecimentos do Sete de Setembro, o presidente da C\u00e2mara dos Deputados, <a href=\"https:\/\/www.camara.leg.br\/deputados\/160541\">Arthur Lira (PP-AL)<\/a>, afirmou que o Parlamento vai ser uma ponte de pacifica\u00e7\u00e3o entre os Poderes Executivo e Judici\u00e1rio. Ontem, durante manifesta\u00e7\u00f5es de apoio ao governo, Bolsonaro afirmou que n\u00e3o iria mais cumprir ordens judiciais do ministro Alexandre de Moraes, do Supremo Tribunal Federal (STF). Ele defendeu o \u201cenquadramento do ministro\u201d.<\/p>\n\n\n\n<p>\u201c\u00c9 hora de dar um basta a esta escalada, em um infinito looping negativo.<br>\n        Bravatas em redes sociais, v\u00eddeos e um eterno palanque deixaram de ser um elemento virtual e passaram a impactar o dia a dia do Brasil de verdade. O Brasil que v\u00ea a gasolina chegar a R$ 7 reais, o d\u00f3lar valorizado em excesso e a redu\u00e7\u00e3o de expectativas. Uma crise que, infelizmente, \u00e9 superdimensionada pelas redes sociais, que, apesar de amplificar a democracia, estimula incita\u00e7\u00f5es e excessos\u201d, afirmou Lira.<\/p>\n\n\n\n<p>Sem citar o presidente Bolsonaro, que defendeu ontem o voto impresso, proposta derrubada pela C\u00e2mara no m\u00eas passado, Lira afirmou que essa \u00e9 uma quest\u00e3o superada.&nbsp;\u201cN\u00e3o posso admitir questionamentos sobre decis\u00f5es tomadas e superadas \u2013 como a do voto impresso. Uma vez definida, vira-se a p\u00e1gina. Assim como tamb\u00e9m vou seguir defendendo o direito dos parlamentares \u00e0 livre express\u00e3o \u2013 e a nossa prerrogativa de puni-los internamente se a Casa com sua soberania e independ\u00eancia entender que cruzaram a linha\u201d, disse.<\/p>\n\n\n\n<p>Arthur Lira reafirmou o respeito \u00e0 Constitui\u00e7\u00e3o e disse que ela \u201cjamais ser\u00e1 rasgada\u201d.&nbsp;\u201cO \u00fanico compromisso inadi\u00e1vel e inquestion\u00e1vel que temos em nosso calend\u00e1rio est\u00e1 marcado para 3 de outubro de 2022. Com as urnas eletr\u00f4nicas. S\u00e3o nas cabines eleitorais, com sigilo e seguran\u00e7a, que o povo expressa sua soberania\u201d, defendeu Lira.<\/p>\n\n\n\n<p>Lira lembrou as a\u00e7\u00f5es da C\u00e2mara no combate \u00e0 pandemia e \u00e0 crise econ\u00f4mica. Segundo ele, o Legislativo n\u00e3o faltou ao povo e vai seguir adiante com as reformas. \u201cA Casa do Povo seguiu adiante com as pautas do Brasil \u2013 especialmente as reformas. Nunca faltamos para com os brasileiros. A C\u00e2mara n\u00e3o parou diante de crises que s\u00f3 fazem o Brasil perder tempo, perder vidas e perder oportunidades de progredir, de ser mais justo e de construir uma na\u00e7\u00e3o melhor para todos&#8221;, afirmou.<\/p>\n\n\n\n<figure class=\"wp-block-embed-youtube wp-block-embed is-type-video is-provider-youtube wp-embed-aspect-16-9 wp-has-aspect-ratio\"><div class=\"wp-block-embed__wrapper\">\n<iframe loading=\"lazy\" title=\"Lira afirma que Parlamento vai ser ponte de pacifica\u00e7\u00e3o entre Executivo e Judici\u00e1rio - 08\/09\/2021*\" width=\"630\" height=\"354\" src=\"https:\/\/www.youtube.com\/embed\/TTNSESHPU0o?start=4&#038;feature=oembed\" frameborder=\"0\" allow=\"accelerometer; autoplay; clipboard-write; encrypted-media; gyroscope; picture-in-picture\" allowfullscreen><\/iframe>\n<\/div><\/figure>\n\n\n\n<p>Fonte: Ag\u00eancia C\u00e2mara de Not\u00edcias<\/p>\n","protected":false},"excerpt":{"rendered":"<p>Em pronunciamento feito nesta quarta-feira (8), relativo aos acontecimentos do Sete de Setembro, o presidente da C\u00e2mara dos Deputados, Arthur Lira (PP-AL), afirmou que o Parlamento vai ser uma ponte de pacifica\u00e7\u00e3o entre os Poderes Executivo e Judici\u00e1rio. Ontem, durante manifesta\u00e7\u00f5es de apoio ao governo, Bolsonaro afirmou que n\u00e3o iria mais cumprir ordens judiciais do [&hellip;]<\/p>\n","protected":false},"author":2,"featured_media":9349,"comment_status":"open","ping_status":"open","sticky":false,"template":"","format":"standard","meta":[],"categories":[8,4],"tags":[],"_links":{"self":[{"href":"https:\/\/dgospel.com.br\/portal\/index.php\/wp-json\/wp\/v2\/posts\/9348"}],"collection":[{"href":"https:\/\/dgospel.com.br\/portal\/index.php\/wp-json\/wp\/v2\/posts"}],"about":[{"href":"https:\/\/dgospel.com.br\/portal\/index.php\/wp-json\/wp\/v2\/types\/post"}],"author":[{"embeddable":true,"href":"https:\/\/dgospel.com.br\/portal\/index.php\/wp-json\/wp\/v2\/users\/2"}],"replies":[{"embeddable":true,"href":"https:\/\/dgospel.com.br\/portal\/index.php\/wp-json\/wp\/v2\/comments?post=9348"}],"version-history":[{"count":2,"href":"https:\/\/dgospel.com.br\/portal\/index.php\/wp-json\/wp\/v2\/posts\/9348\/revisions"}],"predecessor-version":[{"id":9351,"href":"https:\/\/dgospel.com.br\/portal\/index.php\/wp-json\/wp\/v2\/posts\/9348\/revisions\/9351"}],"wp:featuredmedia":[{"embeddable":true,"href":"https:\/\/dgospel.com.br\/portal\/index.php\/wp-json\/wp\/v2\/media\/9349"}],"wp:attachment":[{"href":"https:\/\/dgospel.com.br\/portal\/index.php\/wp-json\/wp\/v2\/media?parent=9348"}],"wp:term":[{"taxonomy":"category","embeddable":true,"href":"https:\/\/dgospel.com.br\/portal\/index.php\/wp-json\/wp\/v2\/categories?post=9348"},{"taxonomy":"post_tag","embeddable":true,"href":"https:\/\/dgospel.com.br\/portal\/index.php\/wp-json\/wp\/v2\/tags?post=9348"}],"curies":[{"name":"wp","href":"https:\/\/api.w.org\/{rel}","templated":true}]}}