{"id":9352,"date":"2021-09-08T17:05:39","date_gmt":"2021-09-08T20:05:39","guid":{"rendered":"http:\/\/dgospel.com.br\/portal\/?p=9352"},"modified":"2021-09-08T17:05:40","modified_gmt":"2021-09-08T20:05:40","slug":"doria-multa-malafaia-feliciano-e-magno-malta-por-falta-de-mascara","status":"publish","type":"post","link":"https:\/\/dgospel.com.br\/portal\/index.php\/2021\/09\/08\/doria-multa-malafaia-feliciano-e-magno-malta-por-falta-de-mascara\/","title":{"rendered":"Doria multa Malafaia, Feliciano e Magno Malta por falta de m\u00e1scara"},"content":{"rendered":"\n<p> O governador Jo\u00e3o Doria (PSDB) ordenou que a Vigil\u00e2ncia Sanit\u00e1ria do Estado de S\u00e3o Paulo multe os pastores Silas Malafaia e Marco Feliciano, al\u00e9m do presidente Jair Bolsonaro, por n\u00e3o usarem m\u00e1scara na Avenida Paulista. <\/p>\n\n\n\n<p>Durante as manifesta\u00e7\u00f5es do 7 de setembro,&nbsp;<a href=\"https:\/\/noticias.gospelmais.com.br\/liberdade-de-expressao-pastores-alexandre-de-moraes-149114.html\"><strong>os l\u00edderes evang\u00e9licos<\/strong><\/a>&nbsp;estiveram sobre um carro de som, acompanhados \u2013 dentre outros \u2013 pelo ex-senador Magno Malta e pela prefeita de Bauru, Suellen Rosim (Patriota-SP), tamb\u00e9m evang\u00e9lica, e nenhum deles fez uso de m\u00e1scara.<\/p>\n\n\n\n<p>O acess\u00f3rio \u00e9 de uso obrigat\u00f3rio em S\u00e3o Paulo, por decreto de Doria, em espa\u00e7os p\u00fablicos. De acordo com informa\u00e7\u00f5es da revista&nbsp;<a target=\"_blank\" href=\"https:\/\/revistaoeste.com\/politica\/governo-doria-multa-bolsonaro-e-apoiadores-por-falta-de-mascara\/\" rel=\"noreferrer noopener\"><em>Oeste<\/em><\/a>, Bolsonaro e os demais ocupantes do carro de som n\u00e3o estavam em contato com os manifestantes na Avenida Paulista.<\/p>\n\n\n\n<p>Ainda assim, o governo Doria informou que o presidente teria infringido a lei federal n\u00ba 14.019 de 2020, que torna obrigat\u00f3ria a utiliza\u00e7\u00e3o do equipamento em eventos p\u00fablicos, e a lei estadual n\u00ba 6.437 de 1977.<\/p>\n\n\n\n\n\n<p>A multa aplicada por Doria ao presidente, pastores e pol\u00edticos pode chegar \u00e0 casa dos milh\u00f5es: \u201cJ\u00e1 \u00e9 a s\u00e9tima ocasi\u00e3o em que Bolsonaro descumpre normas sanit\u00e1rias no territ\u00f3rio paulista, acumulando seis reincid\u00eancias\u201d, disse nota do governo de Jo\u00e3o Doria.<\/p>\n\n\n\n<p>Em todas as situa\u00e7\u00f5es anteriores, Bolsonaro recorreu das autua\u00e7\u00f5es. Os valores das multas ser\u00e3o definidos pela Justi\u00e7a e, de acordo com o governo Doria, podem chegar a R$ 4,5 milh\u00f5es: \u201cEsgotados os recursos, o presidente dever\u00e1 pagar os valores ou poder\u00e1 ter o nome inclu\u00eddo na d\u00edvida ativa do Estado e no Serasa\u201d.<\/p>\n\n\n\n<p>Al\u00e9m dos l\u00edderes evang\u00e9licos e da prefeita de Bauru, outros autuados foram os deputados federais Carla Zambelli (PSL-SP), General Gir\u00e3o Monteiro (PSL-RN) e Marcio Labre (PSL-RJ); o deputado estadual Danilo Balas (PSL-SP); o ministro Tarc\u00edsio de Freitas; o subsecret\u00e1rio de Fomento e Incentivo \u00e0 Cultura Andr\u00e9 Porciuncula; o empres\u00e1rio Luciano Hang, dono da rede de lojas Havan; o ator e secret\u00e1rio Especial de Cultura Mario Frias, e o cantor Netinho.<\/p>\n","protected":false},"excerpt":{"rendered":"<p>O governador Jo\u00e3o Doria (PSDB) ordenou que a Vigil\u00e2ncia Sanit\u00e1ria do Estado de S\u00e3o Paulo multe os pastores Silas Malafaia e Marco Feliciano, al\u00e9m do presidente Jair Bolsonaro, por n\u00e3o usarem m\u00e1scara na Avenida Paulista. Durante as manifesta\u00e7\u00f5es do 7 de setembro,&nbsp;os l\u00edderes evang\u00e9licos&nbsp;estiveram sobre um carro de som, acompanhados \u2013 dentre outros \u2013 pelo [&hellip;]<\/p>\n","protected":false},"author":2,"featured_media":9353,"comment_status":"open","ping_status":"open","sticky":false,"template":"","format":"standard","meta":[],"categories":[4],"tags":[],"_links":{"self":[{"href":"https:\/\/dgospel.com.br\/portal\/index.php\/wp-json\/wp\/v2\/posts\/9352"}],"collection":[{"href":"https:\/\/dgospel.com.br\/portal\/index.php\/wp-json\/wp\/v2\/posts"}],"about":[{"href":"https:\/\/dgospel.com.br\/portal\/index.php\/wp-json\/wp\/v2\/types\/post"}],"author":[{"embeddable":true,"href":"https:\/\/dgospel.com.br\/portal\/index.php\/wp-json\/wp\/v2\/users\/2"}],"replies":[{"embeddable":true,"href":"https:\/\/dgospel.com.br\/portal\/index.php\/wp-json\/wp\/v2\/comments?post=9352"}],"version-history":[{"count":1,"href":"https:\/\/dgospel.com.br\/portal\/index.php\/wp-json\/wp\/v2\/posts\/9352\/revisions"}],"predecessor-version":[{"id":9354,"href":"https:\/\/dgospel.com.br\/portal\/index.php\/wp-json\/wp\/v2\/posts\/9352\/revisions\/9354"}],"wp:featuredmedia":[{"embeddable":true,"href":"https:\/\/dgospel.com.br\/portal\/index.php\/wp-json\/wp\/v2\/media\/9353"}],"wp:attachment":[{"href":"https:\/\/dgospel.com.br\/portal\/index.php\/wp-json\/wp\/v2\/media?parent=9352"}],"wp:term":[{"taxonomy":"category","embeddable":true,"href":"https:\/\/dgospel.com.br\/portal\/index.php\/wp-json\/wp\/v2\/categories?post=9352"},{"taxonomy":"post_tag","embeddable":true,"href":"https:\/\/dgospel.com.br\/portal\/index.php\/wp-json\/wp\/v2\/tags?post=9352"}],"curies":[{"name":"wp","href":"https:\/\/api.w.org\/{rel}","templated":true}]}}