{"id":9366,"date":"2021-09-10T12:01:26","date_gmt":"2021-09-10T15:01:26","guid":{"rendered":"http:\/\/dgospel.com.br\/portal\/?p=9366"},"modified":"2021-09-10T12:01:28","modified_gmt":"2021-09-10T15:01:28","slug":"bolsonaro-nos-proximos-dias-teremos-frutos-do-7-de-setembro","status":"publish","type":"post","link":"https:\/\/dgospel.com.br\/portal\/index.php\/2021\/09\/10\/bolsonaro-nos-proximos-dias-teremos-frutos-do-7-de-setembro\/","title":{"rendered":"Bolsonaro: \u2018Nos pr\u00f3ximos dias teremos frutos do 7 de Setembro\u2019"},"content":{"rendered":"\n<p>\n\nNesta quinta-feira (9), a encerrar sua live pelas redes sociais, o presidente Jair Bolsonaro deixou um recado para seus seguidores e disse que devemos, em breve, devemos ver os \u201cfrutos desse movimento\u201d realizado em 7 de setembro.\n\n<\/p>\n\n\n\n<figure class=\"wp-block-image\"><img src=\"https:\/\/static.cdn.pleno.news\/2021\/09\/BolsoLive2-1024x613.png\" alt=\"\" class=\"wp-image-800724\"\/><figcaption>Presidente Jair Bolsonaro em sua live semanal&nbsp;Foto: Reprodu\u00e7\u00e3o\/Redes sociais<\/figcaption><\/figure>\n\n\n\n<p>Para o presidente, cada vez mais todos \u201cv\u00e3o se curvar \u00e0 nossa Constitui\u00e7\u00e3o\u201d.<\/p>\n\n\n\n<p>\u2013 Se Deus quiser, nos pr\u00f3ximos dias teremos frutos desse movimento fant\u00e1stico que foi realizado no 7 de Setembro. E tenho certeza que todos cada vez mais v\u00e3o se curvar \u00e0 nossa Constitui\u00e7\u00e3o, nossa B\u00edblia aqui na Terra. Para quem \u00e9 religioso, a B\u00edblia para valer \u00e9 aquela outra que vai pavimentar a sua via, a sua eternidade \u2013 apontou.<\/p>\n\n\n\n<p>Por fim, Bolsonaro terminou citando uma passagem b\u00edblica.<\/p>\n\n\n\n<p>\u2013 E tem uma \u00faltima passagem b\u00edblica aqui que fala da eternidade. Nada temeis, nem mesmo a morte. A n\u00e3o ser a morte eterna. Boa noite a todos \u2013 concluiu.<\/p>\n\n\n\n<figure class=\"wp-block-embed-youtube wp-block-embed is-type-video is-provider-youtube wp-embed-aspect-16-9 wp-has-aspect-ratio\"><div class=\"wp-block-embed__wrapper\">\n<iframe loading=\"lazy\" title=\"Live \/ PR Jair Bolsonaro - 09\/09\/2021\" width=\"630\" height=\"354\" src=\"https:\/\/www.youtube.com\/embed\/Xw0OTDrA1iI?start=3615&#038;feature=oembed\" frameborder=\"0\" allow=\"accelerometer; autoplay; clipboard-write; encrypted-media; gyroscope; picture-in-picture\" allowfullscreen><\/iframe>\n<\/div><\/figure>\n","protected":false},"excerpt":{"rendered":"<p>Nesta quinta-feira (9), a encerrar sua live pelas redes sociais, o presidente Jair Bolsonaro deixou um recado para seus seguidores e disse que devemos, em breve, devemos ver os \u201cfrutos desse movimento\u201d realizado em 7 de setembro. Para o presidente, cada vez mais todos \u201cv\u00e3o se curvar \u00e0 nossa Constitui\u00e7\u00e3o\u201d. \u2013 Se Deus quiser, nos [&hellip;]<\/p>\n","protected":false},"author":2,"featured_media":9367,"comment_status":"open","ping_status":"open","sticky":false,"template":"","format":"standard","meta":[],"categories":[4],"tags":[13],"_links":{"self":[{"href":"https:\/\/dgospel.com.br\/portal\/index.php\/wp-json\/wp\/v2\/posts\/9366"}],"collection":[{"href":"https:\/\/dgospel.com.br\/portal\/index.php\/wp-json\/wp\/v2\/posts"}],"about":[{"href":"https:\/\/dgospel.com.br\/portal\/index.php\/wp-json\/wp\/v2\/types\/post"}],"author":[{"embeddable":true,"href":"https:\/\/dgospel.com.br\/portal\/index.php\/wp-json\/wp\/v2\/users\/2"}],"replies":[{"embeddable":true,"href":"https:\/\/dgospel.com.br\/portal\/index.php\/wp-json\/wp\/v2\/comments?post=9366"}],"version-history":[{"count":1,"href":"https:\/\/dgospel.com.br\/portal\/index.php\/wp-json\/wp\/v2\/posts\/9366\/revisions"}],"predecessor-version":[{"id":9368,"href":"https:\/\/dgospel.com.br\/portal\/index.php\/wp-json\/wp\/v2\/posts\/9366\/revisions\/9368"}],"wp:featuredmedia":[{"embeddable":true,"href":"https:\/\/dgospel.com.br\/portal\/index.php\/wp-json\/wp\/v2\/media\/9367"}],"wp:attachment":[{"href":"https:\/\/dgospel.com.br\/portal\/index.php\/wp-json\/wp\/v2\/media?parent=9366"}],"wp:term":[{"taxonomy":"category","embeddable":true,"href":"https:\/\/dgospel.com.br\/portal\/index.php\/wp-json\/wp\/v2\/categories?post=9366"},{"taxonomy":"post_tag","embeddable":true,"href":"https:\/\/dgospel.com.br\/portal\/index.php\/wp-json\/wp\/v2\/tags?post=9366"}],"curies":[{"name":"wp","href":"https:\/\/api.w.org\/{rel}","templated":true}]}}