{"id":9372,"date":"2021-09-10T12:52:55","date_gmt":"2021-09-10T15:52:55","guid":{"rendered":"http:\/\/dgospel.com.br\/portal\/?p=9372"},"modified":"2021-09-10T12:52:56","modified_gmt":"2021-09-10T15:52:56","slug":"em-palmas-homem-suspeito-de-assassinar-a-propria-esposa-e-preso-pela-policia-civil","status":"publish","type":"post","link":"https:\/\/dgospel.com.br\/portal\/index.php\/2021\/09\/10\/em-palmas-homem-suspeito-de-assassinar-a-propria-esposa-e-preso-pela-policia-civil\/","title":{"rendered":"Em Palmas, homem suspeito de assassinar a pr\u00f3pria esposa \u00e9 preso pela Pol\u00edcia Civil"},"content":{"rendered":"\n<p>Um homem de 33 anos, suspeito de matar a pr\u00f3pria esposa foi preso na tarde dessa quinta-feira, 9, em Palmas, mediante cumprimento a mandado de pris\u00e3o preventiva, durante a\u00e7\u00e3o realizada por policiais civis da 1\u00aa Divis\u00e3o de Homic\u00eddios e Prote\u00e7\u00e3o \u00e0 Pessoa (1\u00aa DHPP), da Capital, sob a coordena\u00e7\u00e3o da delegada Luciana Coelho Midlej.<\/p>\n\n\n\n<p>De acordo com as investiga\u00e7\u00f5es da 1\u00aa DHPP, na noite do dia 24 de julho, o autor chegava em sua resid\u00eancia ap\u00f3s ter buscado a esposa em um com\u00e9rcio onde ela trabalhava como vendedora de espetinhos e, aparentemente sem motivo, quando parou em frente ao port\u00e3o do im\u00f3vel, o indiv\u00edduo disparou um tiro de rev\u00f3lver contra a cabe\u00e7a da mulher, de 31 anos, que veio a \u00f3bito.<\/p>\n\n\n\n<p>Logo ap\u00f3s os fatos, o suspeito fugiu e o caso passou a ser investigado pelas equipes da Unidade Policial Especializada que logo identificaram o marido como sendo o autor do crime. Com base nas investiga\u00e7\u00f5es, a autoridade policial representou, junto ao Poder Judici\u00e1rio, pela pris\u00e3o do homem.<\/p>\n\n\n\n<p>De posse da ordem judicial, os policiais civis da 1\u00aa DHPP intensificaram as dilig\u00eancias e, na tarde dessa quinta-feira, conseguiram efetuar a captura do homem, que era considerado foragido da Justi\u00e7a. Ap\u00f3s ser conduzido \u00e0 sede da delegacia especializada, onde foram realizados os procedimentos legais cab\u00edveis, o homem foi encaminhado \u00e0 Casa de Pris\u00e3o Provis\u00f3ria de Palmas (CPPP), onde permanecer\u00e1 \u00e0 disposi\u00e7\u00e3o do Poder Judici\u00e1rio. &nbsp;<\/p>\n","protected":false},"excerpt":{"rendered":"<p>Um homem de 33 anos, suspeito de matar a pr\u00f3pria esposa foi preso na tarde dessa quinta-feira, 9, em Palmas, mediante cumprimento a mandado de pris\u00e3o preventiva, durante a\u00e7\u00e3o realizada por policiais civis da 1\u00aa Divis\u00e3o de Homic\u00eddios e Prote\u00e7\u00e3o \u00e0 Pessoa (1\u00aa DHPP), da Capital, sob a coordena\u00e7\u00e3o da delegada Luciana Coelho Midlej. De [&hellip;]<\/p>\n","protected":false},"author":2,"featured_media":9373,"comment_status":"open","ping_status":"open","sticky":false,"template":"","format":"standard","meta":[],"categories":[3],"tags":[],"_links":{"self":[{"href":"https:\/\/dgospel.com.br\/portal\/index.php\/wp-json\/wp\/v2\/posts\/9372"}],"collection":[{"href":"https:\/\/dgospel.com.br\/portal\/index.php\/wp-json\/wp\/v2\/posts"}],"about":[{"href":"https:\/\/dgospel.com.br\/portal\/index.php\/wp-json\/wp\/v2\/types\/post"}],"author":[{"embeddable":true,"href":"https:\/\/dgospel.com.br\/portal\/index.php\/wp-json\/wp\/v2\/users\/2"}],"replies":[{"embeddable":true,"href":"https:\/\/dgospel.com.br\/portal\/index.php\/wp-json\/wp\/v2\/comments?post=9372"}],"version-history":[{"count":1,"href":"https:\/\/dgospel.com.br\/portal\/index.php\/wp-json\/wp\/v2\/posts\/9372\/revisions"}],"predecessor-version":[{"id":9374,"href":"https:\/\/dgospel.com.br\/portal\/index.php\/wp-json\/wp\/v2\/posts\/9372\/revisions\/9374"}],"wp:featuredmedia":[{"embeddable":true,"href":"https:\/\/dgospel.com.br\/portal\/index.php\/wp-json\/wp\/v2\/media\/9373"}],"wp:attachment":[{"href":"https:\/\/dgospel.com.br\/portal\/index.php\/wp-json\/wp\/v2\/media?parent=9372"}],"wp:term":[{"taxonomy":"category","embeddable":true,"href":"https:\/\/dgospel.com.br\/portal\/index.php\/wp-json\/wp\/v2\/categories?post=9372"},{"taxonomy":"post_tag","embeddable":true,"href":"https:\/\/dgospel.com.br\/portal\/index.php\/wp-json\/wp\/v2\/tags?post=9372"}],"curies":[{"name":"wp","href":"https:\/\/api.w.org\/{rel}","templated":true}]}}