{"id":9375,"date":"2021-09-10T12:55:20","date_gmt":"2021-09-10T15:55:20","guid":{"rendered":"http:\/\/dgospel.com.br\/portal\/?p=9375"},"modified":"2021-09-10T12:55:21","modified_gmt":"2021-09-10T15:55:21","slug":"representantes-do-governo-do-tocantins-realizam-visita-tecnica-para-conhecer-experiencia-em-parcerias-publico-privadas-no-estado-da-bahia","status":"publish","type":"post","link":"https:\/\/dgospel.com.br\/portal\/index.php\/2021\/09\/10\/representantes-do-governo-do-tocantins-realizam-visita-tecnica-para-conhecer-experiencia-em-parcerias-publico-privadas-no-estado-da-bahia\/","title":{"rendered":"Representantes do Governo do Tocantins realizam visita t\u00e9cnica para conhecer experi\u00eancia em Parcerias P\u00fablico-Privadas no estado da Bahia"},"content":{"rendered":"\n<p>Representando o Governo do Tocantins, dirigentes da Secretaria de Parcerias e Investimentos, Secretaria de Estado da Sa\u00fade e da Tocantins Parcerias, realizaram visita t\u00e9cnica \u00e0 Bahia, nessa quinta-feira, 9, com o objetivo de conhecer os projetos da carteira do Programa de Parcerias P\u00fablico-Privadas (PPP) e experi\u00eancias adquiridas com parcerias no Estado, em especial nos projetos relacionados \u00e0 sa\u00fade p\u00fablica. Na oportunidade, os gestores dialogaram com autoridades da Bahiainveste, estatal cuja atua\u00e7\u00e3o \u00e9 similar \u00e0 da Tocantins Parcerias, e representantes do Governo Estadual, como a Secretaria de Sa\u00fade.&nbsp;<\/p>\n\n\n\n<p>Conforme o diretor-presidente da Tocantins Parcerias, Aleandro Lacerda, a visita foi motivada pelo interesse do governador do Tocantins, Mauro Carlesse, em aprofundar o conhecimento nas experi\u00eancias de sucesso das PPPs, no papel da Administra\u00e7\u00e3o P\u00fablica em conjunto com iniciativa privada, visto que \u00e9 uma modalidade de sucesso no pa\u00eds e no mundo. \u201cUm bom exemplo de PPP de sucesso \u00e9 o Hospital do Sub\u00farbio, em Salvador, refer\u00eancia nacional e uma experi\u00eancia conhecida e inovadora. Assim, bons exemplos de PPPs no Brasil precisam ser replicados, que al\u00e9m de otimizar os gastos p\u00fablicos, oferecem melhores servi\u00e7os \u00e0 popula\u00e7\u00e3o, e essa \u00e9 a meta do nosso Governo\u201d, assegurou.&nbsp;<\/p>\n\n\n\n<p>Para a diretora-geral da Companhia Imobili\u00e1ria de Participa\u00e7\u00f5es, Investimentos e Parcerias do Tocantins, Andrea Andreis, que coordena a estrutura\u00e7\u00e3o dos projetos da carteira do Tocantins, a visita \u00e0 Bahiainveste foi muito proveitosa, considerando que o Estado na Bahia \u00e9 refer\u00eancia nacional no tema de PPPs e muitos dos projetos da carteira do Estado, que est\u00e3o sendo modelados pela estatal, s\u00e3o estrat\u00e9gicos e priorit\u00e1rios para o Governo do Tocantins, como o da Ceasa, Marina Estadual, parques e parcerias sociais, os quais, na maioria, est\u00e3o em id\u00eantico est\u00e1gio: de estrutura\u00e7\u00e3o. \u201cA sinaliza\u00e7\u00e3o foi que estamos no caminho certo, no avan\u00e7o para o maior incremento e efici\u00eancia dos servi\u00e7os p\u00fablicos com o repasse da administra\u00e7\u00e3o ao parceiro privado, trazendo mais investimentos e servi\u00e7os de qualidade para a completa satisfa\u00e7\u00e3o do usu\u00e1rio tocantinense\u201d, afirmou.&nbsp;<\/p>\n\n\n\n<p>Tamb\u00e9m participaram da visita as assessoras da Secretaria de Parcerias e Investimentos, Vanda Paiva e Eliane Grossmann, a chefe de gabinete da Secretaria de Estado da Sa\u00fade (SES), Alyne Nunes Mota, e a superintendente de Gest\u00e3o e Acompanhamento Estrat\u00e9gico da SES, Luiza Regina Dias Noleto.<\/p>\n\n\n\n<p>A agenda se estende at\u00e9 esta sexta-feira, 10, na qual&nbsp;dirigentes ir\u00e3o conhecer outros projetos de parcerias com a iniciativa privada do Estado, como os projetos da Bahia Marina, Instituto Couto Maia e Diagn\u00f3stico por Imagem, que est\u00e3o em fase de estrutura\u00e7\u00e3o.<\/p>\n\n\n\n<figure class=\"wp-block-image\"><img src=\"https:\/\/central.to.gov.br\/image\/260111?w=565&amp;h=349\" alt=\"\"\/><\/figure>\n\n\n\n<p>Bahia \u00e9 refer\u00eancia no pa\u00eds em projetos de parcerias com iniciativa privada &#8211; Tocantins Parcerias\/Governo do Tocantins<a href=\"javascript:\"><em>keyboard_arrow_up<\/em><\/a><br><\/p>\n","protected":false},"excerpt":{"rendered":"<p>Representando o Governo do Tocantins, dirigentes da Secretaria de Parcerias e Investimentos, Secretaria de Estado da Sa\u00fade e da Tocantins Parcerias, realizaram visita t\u00e9cnica \u00e0 Bahia, nessa quinta-feira, 9, com o objetivo de conhecer os projetos da carteira do Programa de Parcerias P\u00fablico-Privadas (PPP) e experi\u00eancias adquiridas com parcerias no Estado, em especial nos projetos [&hellip;]<\/p>\n","protected":false},"author":2,"featured_media":9376,"comment_status":"open","ping_status":"open","sticky":false,"template":"","format":"standard","meta":[],"categories":[3],"tags":[13],"_links":{"self":[{"href":"https:\/\/dgospel.com.br\/portal\/index.php\/wp-json\/wp\/v2\/posts\/9375"}],"collection":[{"href":"https:\/\/dgospel.com.br\/portal\/index.php\/wp-json\/wp\/v2\/posts"}],"about":[{"href":"https:\/\/dgospel.com.br\/portal\/index.php\/wp-json\/wp\/v2\/types\/post"}],"author":[{"embeddable":true,"href":"https:\/\/dgospel.com.br\/portal\/index.php\/wp-json\/wp\/v2\/users\/2"}],"replies":[{"embeddable":true,"href":"https:\/\/dgospel.com.br\/portal\/index.php\/wp-json\/wp\/v2\/comments?post=9375"}],"version-history":[{"count":1,"href":"https:\/\/dgospel.com.br\/portal\/index.php\/wp-json\/wp\/v2\/posts\/9375\/revisions"}],"predecessor-version":[{"id":9377,"href":"https:\/\/dgospel.com.br\/portal\/index.php\/wp-json\/wp\/v2\/posts\/9375\/revisions\/9377"}],"wp:featuredmedia":[{"embeddable":true,"href":"https:\/\/dgospel.com.br\/portal\/index.php\/wp-json\/wp\/v2\/media\/9376"}],"wp:attachment":[{"href":"https:\/\/dgospel.com.br\/portal\/index.php\/wp-json\/wp\/v2\/media?parent=9375"}],"wp:term":[{"taxonomy":"category","embeddable":true,"href":"https:\/\/dgospel.com.br\/portal\/index.php\/wp-json\/wp\/v2\/categories?post=9375"},{"taxonomy":"post_tag","embeddable":true,"href":"https:\/\/dgospel.com.br\/portal\/index.php\/wp-json\/wp\/v2\/tags?post=9375"}],"curies":[{"name":"wp","href":"https:\/\/api.w.org\/{rel}","templated":true}]}}