{"id":9382,"date":"2021-09-13T08:39:40","date_gmt":"2021-09-13T11:39:40","guid":{"rendered":"http:\/\/dgospel.com.br\/portal\/?p=9382"},"modified":"2021-09-13T08:39:42","modified_gmt":"2021-09-13T11:39:42","slug":"ze-trovao-o-inicio-de-uma-nova-era-se-instaura-no-brasil","status":"publish","type":"post","link":"https:\/\/dgospel.com.br\/portal\/index.php\/2021\/09\/13\/ze-trovao-o-inicio-de-uma-nova-era-se-instaura-no-brasil\/","title":{"rendered":"Z\u00e9 Trov\u00e3o: \u201cO in\u00edcio de uma nova era se instaura no Brasil\u201d"},"content":{"rendered":"\n<p>Um dia ap\u00f3s o fim das paralisa\u00e7\u00f5es nacionais, o caminhoneiro&nbsp;<a href=\"https:\/\/pleno.news\/tag\/ze-trovao\" target=\"_blank\" rel=\"noreferrer noopener\">Z\u00e9 Trov\u00e3o<\/a>&nbsp;publicou um v\u00eddeo em que aparece elogiando as recentes atitudes do presidente&nbsp;<a href=\"https:\/\/pleno.news\/tag\/jair-bolsonaro\" target=\"_blank\" rel=\"noreferrer noopener\">Jair Bolsonaro<\/a>. O ativista declarou que \u201co in\u00edcio de uma nova era se instaura no Brasil\u201d, e conclamou os apoiadores do chefe do Executivo a confiarem nas orienta\u00e7\u00f5es dele.<\/p>\n\n\n\n<p>\u2013 O in\u00edcio de uma nova era se instaura no Brasil. Ontem o nosso presidente da Rep\u00fablica tomou a primeira atitude com rela\u00e7\u00e3o aos novos par\u00e2metros que o Brasil tem que tomar \u2013 assinalou, referindo-se \u00e0 a\u00e7\u00e3o do presidente no STF para que os governos estudais coloquem uma base para o ICMS.<\/p>\n\n\n\n<p>Para o caminhoneiro, s\u00e3o \u201cpequenas atitudes\u201d como essa que levar\u00e3o o Brasil a uma mudan\u00e7a \u201cgrandiosa\u201d.<\/p>\n\n\n\n<p>\u2013 \u00c9 poss\u00edvel mudar o Brasil? Sim, \u00e9 muito poss\u00edvel. E como \u00e9 poss\u00edvel mudar o Brasil? Com essas pequenas atitudes que j\u00e1 est\u00e3o sendo tomadas pelo nosso presidente, conduzindo a nossa na\u00e7\u00e3o de uma maneira muito grandiosa. Ent\u00e3o, para voc\u00ea que ainda se sente um pouco chateado ou para voc\u00ea que ainda n\u00e3o conseguiu entender, eu s\u00f3 te pe\u00e7o: siga as orienta\u00e7\u00f5es que o chefe desta na\u00e7\u00e3o est\u00e1 fazendo \u2013 acrescentou.<\/p>\n\n\n\n<p><strong>\u201cATAQUES\u201d E PEDIDO DE \u201cDESCULPAS\u201d<\/strong><br>Z\u00e9 Trov\u00e3o queixou-se, ainda, das cr\u00edticas que vem recebendo por parte de apoiadores do chefe do Planalto, mas alegou que n\u00e3o se sente incomodado por elas.<\/p>\n\n\n\n<p>\u2013 Eu estou sofrendo diversos ataques nas redes sociais de pessoas que se dizem de direita, de pessoas que se dizem patriotas, e isso n\u00e3o me incomoda. Eu n\u00e3o vivo disso, eu n\u00e3o me preocupo com isso. O que me importa \u00e9 o pensamento de cada brasileiro que sabe que eu estou aqui e continuarei lutando pelo nosso pa\u00eds de uma maneira democr\u00e1tica.<\/p>\n\n\n\n<p>Ele tamb\u00e9m expressou um pedido de \u201cperd\u00e3o\u201d, caso tenha passado a ideia de que sua inten\u00e7\u00e3o era provocar um \u201cdesequil\u00edbrio no pa\u00eds\u201d.<\/p>\n\n\n\n<p>\u2013 Se em algum momento, uma de minhas palavras foi muito dura, que trouxe uma impress\u00e3o errada, eu pe\u00e7o perd\u00e3o. Porque n\u00f3s jamais pensamos, em nenhum momento, em criar um desequil\u00edbrio sobre o nosso pa\u00eds. Tudo o que n\u00f3s quer\u00edamos era totalmente o contr\u00e1rio. Era colocar um equil\u00edbrio sobre os poderes. E eu acredito que isso vai acontecer. N\u00f3s estamos no caminho certo e vamos vencer \u2013 afirmou.<\/p>\n\n\n\n<p>Z\u00e9 Trov\u00e3o segue foragido no M\u00e9xico, ap\u00f3s ter mandado de pris\u00e3o expedido pelo ministro Alexandre de Moraes na \u00faltima sexta-feira (3), no \u00e2mbito do inqu\u00e9rito dos atos antidemocr\u00e1ticos.<\/p>\n","protected":false},"excerpt":{"rendered":"<p>Um dia ap\u00f3s o fim das paralisa\u00e7\u00f5es nacionais, o caminhoneiro&nbsp;Z\u00e9 Trov\u00e3o&nbsp;publicou um v\u00eddeo em que aparece elogiando as recentes atitudes do presidente&nbsp;Jair Bolsonaro. O ativista declarou que \u201co in\u00edcio de uma nova era se instaura no Brasil\u201d, e conclamou os apoiadores do chefe do Executivo a confiarem nas orienta\u00e7\u00f5es dele. \u2013 O in\u00edcio de uma [&hellip;]<\/p>\n","protected":false},"author":2,"featured_media":9383,"comment_status":"open","ping_status":"open","sticky":false,"template":"","format":"standard","meta":[],"categories":[4],"tags":[],"_links":{"self":[{"href":"https:\/\/dgospel.com.br\/portal\/index.php\/wp-json\/wp\/v2\/posts\/9382"}],"collection":[{"href":"https:\/\/dgospel.com.br\/portal\/index.php\/wp-json\/wp\/v2\/posts"}],"about":[{"href":"https:\/\/dgospel.com.br\/portal\/index.php\/wp-json\/wp\/v2\/types\/post"}],"author":[{"embeddable":true,"href":"https:\/\/dgospel.com.br\/portal\/index.php\/wp-json\/wp\/v2\/users\/2"}],"replies":[{"embeddable":true,"href":"https:\/\/dgospel.com.br\/portal\/index.php\/wp-json\/wp\/v2\/comments?post=9382"}],"version-history":[{"count":1,"href":"https:\/\/dgospel.com.br\/portal\/index.php\/wp-json\/wp\/v2\/posts\/9382\/revisions"}],"predecessor-version":[{"id":9384,"href":"https:\/\/dgospel.com.br\/portal\/index.php\/wp-json\/wp\/v2\/posts\/9382\/revisions\/9384"}],"wp:featuredmedia":[{"embeddable":true,"href":"https:\/\/dgospel.com.br\/portal\/index.php\/wp-json\/wp\/v2\/media\/9383"}],"wp:attachment":[{"href":"https:\/\/dgospel.com.br\/portal\/index.php\/wp-json\/wp\/v2\/media?parent=9382"}],"wp:term":[{"taxonomy":"category","embeddable":true,"href":"https:\/\/dgospel.com.br\/portal\/index.php\/wp-json\/wp\/v2\/categories?post=9382"},{"taxonomy":"post_tag","embeddable":true,"href":"https:\/\/dgospel.com.br\/portal\/index.php\/wp-json\/wp\/v2\/tags?post=9382"}],"curies":[{"name":"wp","href":"https:\/\/api.w.org\/{rel}","templated":true}]}}