{"id":9386,"date":"2021-09-13T09:07:49","date_gmt":"2021-09-13T12:07:49","guid":{"rendered":"http:\/\/dgospel.com.br\/portal\/?p=9386"},"modified":"2021-09-13T09:07:51","modified_gmt":"2021-09-13T12:07:51","slug":"trump-eu-amo-o-presidente-do-brasil-ele-trabalha-arduamente","status":"publish","type":"post","link":"https:\/\/dgospel.com.br\/portal\/index.php\/2021\/09\/13\/trump-eu-amo-o-presidente-do-brasil-ele-trabalha-arduamente\/","title":{"rendered":"Trump: \u201cEu amo o presidente do Brasil. Ele trabalha arduamente\u201d"},"content":{"rendered":"\n<p>O ex-presidente dos\nEstados Unidos,&nbsp;<a href=\"https:\/\/pleno.news\/tag\/donald-trump\" target=\"_blank\" rel=\"noreferrer noopener\">Donald Trump<\/a>, expressou\nneste s\u00e1bado (11) sua admira\u00e7\u00e3o pelo presidente<a href=\"https:\/\/pleno.news\/tag\/jair-bolsonaro\" target=\"_blank\" rel=\"noreferrer noopener\">&nbsp;Jair Bolsonaro<\/a>&nbsp;e n\u00e3o poupou elogios\nao chefe do Executivo brasileiro.<\/p>\n\n\n\n<p>Em declara\u00e7\u00e3o\ndurante o evento de boxe Triller Fight Club Legends 2, na Fl\u00f3rida, o\nrepublicano afirmou \u201camar\u201d o l\u00edder brasileiro, e disse que ele trabalha com\nempenho para ajudar o Brasil.<\/p>\n\n\n\n<p>\u2013 Eu amo o\npresidente do Brasil, preciso falar isso. Ele e seu filhos s\u00e3o pessoas muito\nboas. E ele trabalha muito, posso garantir, trabalha arduamente para ajudar o\nseu povo \u2013 avaliou.<\/p>\n\n\n\n<p>O republicano foi\nconvidado do canal Five TV para comentar o evento de boxe, que reuniu Vitor\nBelfort, Evander Holyfield, Anderson Silva e Tito Ortiz. A transmiss\u00e3o ocorreu\ndiretamente de um cassino, e tamb\u00e9m contava com o brasileiro J\u00fanior Cigano,\nex-campe\u00e3o de UFC, nos coment\u00e1rios.<\/p>\n\n\n\n<p>O momento foi compartilhado\nnas redes sociais por Jason Miller, ex-estrategista de comunica\u00e7\u00e3o de Trump, e\no criador da rede social livre de censura para conservadores, GETTR.<\/p>\n\n\n\n<p>Miller esteve no\nBrasil no in\u00edcio de setembro para divulgar a plataforma e participar da Confer\u00eancia\nda A\u00e7\u00e3o Pol\u00edtica Conservadora, organizada pelo deputado federal Eduardo\nBolsonaro (PSL).<\/p>\n","protected":false},"excerpt":{"rendered":"<p>O ex-presidente dos Estados Unidos,&nbsp;Donald Trump, expressou neste s\u00e1bado (11) sua admira\u00e7\u00e3o pelo presidente&nbsp;Jair Bolsonaro&nbsp;e n\u00e3o poupou elogios ao chefe do Executivo brasileiro. Em declara\u00e7\u00e3o durante o evento de boxe Triller Fight Club Legends 2, na Fl\u00f3rida, o republicano afirmou \u201camar\u201d o l\u00edder brasileiro, e disse que ele trabalha com empenho para ajudar o Brasil. [&hellip;]<\/p>\n","protected":false},"author":2,"featured_media":9387,"comment_status":"open","ping_status":"open","sticky":false,"template":"","format":"standard","meta":[],"categories":[4],"tags":[],"_links":{"self":[{"href":"https:\/\/dgospel.com.br\/portal\/index.php\/wp-json\/wp\/v2\/posts\/9386"}],"collection":[{"href":"https:\/\/dgospel.com.br\/portal\/index.php\/wp-json\/wp\/v2\/posts"}],"about":[{"href":"https:\/\/dgospel.com.br\/portal\/index.php\/wp-json\/wp\/v2\/types\/post"}],"author":[{"embeddable":true,"href":"https:\/\/dgospel.com.br\/portal\/index.php\/wp-json\/wp\/v2\/users\/2"}],"replies":[{"embeddable":true,"href":"https:\/\/dgospel.com.br\/portal\/index.php\/wp-json\/wp\/v2\/comments?post=9386"}],"version-history":[{"count":1,"href":"https:\/\/dgospel.com.br\/portal\/index.php\/wp-json\/wp\/v2\/posts\/9386\/revisions"}],"predecessor-version":[{"id":9388,"href":"https:\/\/dgospel.com.br\/portal\/index.php\/wp-json\/wp\/v2\/posts\/9386\/revisions\/9388"}],"wp:featuredmedia":[{"embeddable":true,"href":"https:\/\/dgospel.com.br\/portal\/index.php\/wp-json\/wp\/v2\/media\/9387"}],"wp:attachment":[{"href":"https:\/\/dgospel.com.br\/portal\/index.php\/wp-json\/wp\/v2\/media?parent=9386"}],"wp:term":[{"taxonomy":"category","embeddable":true,"href":"https:\/\/dgospel.com.br\/portal\/index.php\/wp-json\/wp\/v2\/categories?post=9386"},{"taxonomy":"post_tag","embeddable":true,"href":"https:\/\/dgospel.com.br\/portal\/index.php\/wp-json\/wp\/v2\/tags?post=9386"}],"curies":[{"name":"wp","href":"https:\/\/api.w.org\/{rel}","templated":true}]}}