{"id":9389,"date":"2021-09-16T22:48:13","date_gmt":"2021-09-17T01:48:13","guid":{"rendered":"http:\/\/dgospel.com.br\/portal\/?p=9389"},"modified":"2021-09-16T22:48:15","modified_gmt":"2021-09-17T01:48:15","slug":"eu-nao-chegaria-onde-cheguei-se-nao-fosse-por-deus-afirma-rebeca-andrade","status":"publish","type":"post","link":"https:\/\/dgospel.com.br\/portal\/index.php\/2021\/09\/16\/eu-nao-chegaria-onde-cheguei-se-nao-fosse-por-deus-afirma-rebeca-andrade\/","title":{"rendered":"\u201cEu n\u00e3o chegaria onde cheguei se n\u00e3o fosse por Deus\u201d, afirma Rebeca Andrade"},"content":{"rendered":"\n<p>Quando Rebeca Andrade estava no palco do mundo nos&nbsp;<a href=\"https:\/\/guiame.com.br\/gospel\/noticias\/vao-olhar-e-ver-jesus-brilhando-em-voce-diz-rebeca-andrade-apos-ganhar-medalha-de-prata.html\"><strong>Jogos Ol\u00edmpicos de 2020<\/strong><\/a>, ela n\u00e3o deixou de dar o cr\u00e9dito de sua&nbsp;<a href=\"https:\/\/guiame.com.br\/gospel\/noticias\/vao-olhar-e-ver-jesus-brilhando-em-voce-diz-rebeca-andrade-apos-ganhar-medalha-de-prata.html\"><strong>conquista hist\u00f3rica<\/strong><\/a>&nbsp;a Deus e \u00e0 sua fam\u00edlia. Em entrevista a&nbsp;<a href=\"https:\/\/guiame.com.br\/gospel\/noticias\/daqui-pra-frente-minha-vida-tera-ver-com-deus-diz-karina-bacchi-sobre-conversao.html\"><strong>Karina Bacchi<\/strong><\/a>&nbsp;na ter\u00e7a-feira (14), ela falou sobre sua f\u00e9 crist\u00e3, que vem desde ber\u00e7o.<\/p>\n\n\n\n<p>\u201cEu n\u00e3o chegaria onde cheguei se n\u00e3o fosse por Deus\u201d, disse a ginasta em participa\u00e7\u00e3o no Positivamente Podcast, que come\u00e7ou iniciou sua 4\u00aa temporada sendo apresentado por Karina Bacchi.<\/p>\n\n\n\n<figure class=\"wp-block-image\"><img src=\"https:\/\/thumbor.guiame.com.br\/unsafe\/840x500\/top\/smart\/https:\/\/media.guiame.com.br\/archives\/2021\/09\/16\/2535456624-rebeca-andrade.jpeg\" alt=\"Rebeca Andrade levou prata e ouro para o Brasil nas Olimp\u00edadas 2020. (Foto: Getty Images)\"\/><figcaption>Rebeca Andrade levou prata e ouro para o Brasil nas Olimp\u00edadas 2020. (Foto: Getty Images)<\/figcaption><\/figure>\n\n\n\n<p>Ao conquistar a primeira medalha de ouro na gin\u00e1stica art\u00edstica para o Brasil, Rebeca Andrade declarou sua f\u00e9 para o mundo. Ela conta que desde nova foi ensinada sobre a Palavra de Deus por sua m\u00e3e,\u00a0<a href=\"https:\/\/guiame.com.br\/gospel\/noticias\/nos-preparamos-espiritualmente-com-muita-oracao-diz-mae-de-rebeca-andrade-apos-ouro.html\"><strong>Dona Rosa<\/strong><\/a>, em uma casa humilde na periferia de Guarulhos, regi\u00e3o metropolitana de S\u00e3o Paulo.\u00a0<\/p>\n\n\n\n<p>\u201cEu deixei minha fam\u00edlia muito cedo, mas os ensinamentos, os princ\u00edpios, minha m\u00e3e me ensinou desde muito nova. Falar de Deus \u00e9 uma coisa muito natural, \u00e9 algo que eu sinto dentro de mim, que simplesmente sai. Eu n\u00e3o preciso pensar para falar de Deus, para agradecer a Deus ou minha fam\u00edlia, porque sempre foi muito claro dentro de mim\u201d, disse.<\/p>\n\n\n\n<p>Rebeca tem 7 irm\u00e3os, todos criados na f\u00e9 crist\u00e3 \u2014 um deles se tornou pastor. Foi essa base forte que a tornou a pessoa que \u00e9.&nbsp;<\/p>\n\n\n\n<p>\u201cSe n\u00e3o fosse pela minha fam\u00edlia eu n\u00e3o seria essa pessoa. Eu fui ensinada desde quando eu nasci at\u00e9 os 10 anos, s\u00f3. Eu poderia ter me tornado outra pessoa, porque eu tive experi\u00eancias e viv\u00eancias com outras pessoas, mas a minha f\u00e9 foi mais forte do que isso\u201d, explicou.<\/p>\n\n\n\n<p><strong>Les\u00f5es e experi\u00eancias com Deus<\/strong><\/p>\n\n\n\n<p>Rebeca pensou em desistir da gin\u00e1stica ao lidar com tr\u00eas les\u00f5es. Em 2015, ela rompeu o ligamento cruzado do joelho direito e ficou fora dos Jogos Pan-Americanos e teve outra les\u00e3o no mesmo local em 2017. Em 2019, teve que operar o joelho direito pela terceira vez, ainda sem vaga garantida nas Olimp\u00edadas de T\u00f3quio.<\/p>\n\n\n\n<p>\u201cPor mim, eu teria desistido. Mas Deus \u00e9 muito bom, atrav\u00e9s dela Ele falou comigo. Ele me deu for\u00e7as, me pediu para acreditar e que n\u00e3o estava no momento de parar\u201d, revelou a atleta.<\/p>\n\n\n\n<p>Apesar das les\u00f5es terem sido dif\u00edceis, foram nelas que Rebeca&nbsp;<a href=\"https:\/\/guiame.com.br\/gospel\/noticias\/rebeca-andrade-canta-louvor-em-entrevista-ao-vivo-e-fe-que-faz-o-heroi.html\"><strong>fortaleceu sua f\u00e9<\/strong><\/a>. Ela conta que, em 2019, dividindo o quarto com uma colega da profiss\u00e3o, teve uma experi\u00eancia marcante com Deus.<\/p>\n\n\n\n<p>Enquanto sua amiga dormia, ela chorava e pedia um abra\u00e7o, silenciosamente, pois estava longe da fam\u00edlia. Foi a\u00ed que Rebeca teve uma surpresa. \u201cMinha amiga dorme muito pesado. Ela acordou, levantou sem dar uma palavra e me deu um abra\u00e7o. Foi naquele momento que eu soube que Deus estava comigo e estava me ouvindo. Aquele abra\u00e7o foi Dele. E eu pensei: n\u00e3o vou parar. Eu sei tudo o que Deus est\u00e1 preparando pra mim. Se eu tive que passar por isso, \u00e9 porque Ele tem algo maior. E realmente tinha\u201d.<\/p>\n\n\n\n<p>Quando teve que passar pela cirurgia no joelho, Rebeca teve outra experi\u00eancia de f\u00e9, desta vez no hospital. Enquanto despertava da anestesia, Deus usou sua pr\u00f3pria boca para profetizar sobre seu futuro.<\/p>\n\n\n\n<p>\u201cEu estava deitada, acordei e falei: \u2018M\u00e3e, vou orar\u2019. E comecei a declarar: \u2018Filha, n\u00e3o te preocupes. O que eu tenho para voc\u00ea \u00e9 muito maior do que voc\u00ea imagina. Todo o seu processo \u00e9 essencial para o seu crescimento. Continue crendo em mim. Coloquei esse talento em voc\u00ea porque voc\u00ea \u00e9 minha serva e tem um cora\u00e7\u00e3o puro\u2019\u201d, contou.<\/p>\n\n\n\n<figure class=\"wp-block-image\"><img src=\"https:\/\/thumbor.guiame.com.br\/unsafe\/smart\/https:\/\/media.guiame.com.br\/archives\/2021\/09\/16\/718458779-.jpeg\" alt=\"\"\/><\/figure>\n\n\n\n<p><br><sup>A m\u00e3e, Dona Rosa, sempre acompanhou Rebeca nas cirurgias. (Foto: Reprodu\u00e7\u00e3o\/Instagram)<\/sup><\/p>\n\n\n\n<p>\u201cEu falava para mim mesma e minha m\u00e3e estava do lado, tamb\u00e9m orando\u201d, continuou a atleta, que disse ainda que orou pelas enfermeiras naquele dia. \u201cEle estava l\u00e1 e sempre esteve l\u00e1. Ele se manifestou completamente, mas sem usar outras pessoas. Ele me usou.\u201d<\/p>\n\n\n\n<p>Para Rebeca, falar de Deus nas entrevistas de TV, nas redes sociais ou nos bastidores n\u00e3o \u00e9 um problema. \u201cEu sei de onde eu vim e no que acredito\u201d, afirmou. \u201cEu n\u00e3o posso impor que as pessoas creiam na mesma coisa que eu. Mas eu gosto muito de falar de Deus. Eu sempre termino minhas conversas falando Dele.\u201d<\/p>\n\n\n\n<p>Por fim, ela deixou uma mensagem de encorajamento: \u201cContinuem confiando e tendo muita f\u00e9. Deus sabe de tudo e est\u00e1 preparando coisas incr\u00edveis para cada um. \u00c9 s\u00f3 acreditar e buscar sempre a Palavra.\u201d<\/p>\n\n\n\n<figure class=\"wp-block-embed-youtube wp-block-embed is-type-video is-provider-youtube wp-embed-aspect-16-9 wp-has-aspect-ratio\"><div class=\"wp-block-embed__wrapper\">\n<iframe loading=\"lazy\" title=\"ENCONTRO COM DEUS: REBECA ANDRADE\" width=\"630\" height=\"354\" src=\"https:\/\/www.youtube.com\/embed\/gkDQoIxtLFU?start=1&#038;feature=oembed\" frameborder=\"0\" allow=\"accelerometer; autoplay; clipboard-write; encrypted-media; gyroscope; picture-in-picture\" allowfullscreen><\/iframe>\n<\/div><\/figure>\n","protected":false},"excerpt":{"rendered":"<p>Quando Rebeca Andrade estava no palco do mundo nos&nbsp;Jogos Ol\u00edmpicos de 2020, ela n\u00e3o deixou de dar o cr\u00e9dito de sua&nbsp;conquista hist\u00f3rica&nbsp;a Deus e \u00e0 sua fam\u00edlia. Em entrevista a&nbsp;Karina Bacchi&nbsp;na ter\u00e7a-feira (14), ela falou sobre sua f\u00e9 crist\u00e3, que vem desde ber\u00e7o. \u201cEu n\u00e3o chegaria onde cheguei se n\u00e3o fosse por Deus\u201d, disse a [&hellip;]<\/p>\n","protected":false},"author":2,"featured_media":9390,"comment_status":"open","ping_status":"open","sticky":false,"template":"","format":"standard","meta":[],"categories":[17,5],"tags":[],"_links":{"self":[{"href":"https:\/\/dgospel.com.br\/portal\/index.php\/wp-json\/wp\/v2\/posts\/9389"}],"collection":[{"href":"https:\/\/dgospel.com.br\/portal\/index.php\/wp-json\/wp\/v2\/posts"}],"about":[{"href":"https:\/\/dgospel.com.br\/portal\/index.php\/wp-json\/wp\/v2\/types\/post"}],"author":[{"embeddable":true,"href":"https:\/\/dgospel.com.br\/portal\/index.php\/wp-json\/wp\/v2\/users\/2"}],"replies":[{"embeddable":true,"href":"https:\/\/dgospel.com.br\/portal\/index.php\/wp-json\/wp\/v2\/comments?post=9389"}],"version-history":[{"count":1,"href":"https:\/\/dgospel.com.br\/portal\/index.php\/wp-json\/wp\/v2\/posts\/9389\/revisions"}],"predecessor-version":[{"id":9391,"href":"https:\/\/dgospel.com.br\/portal\/index.php\/wp-json\/wp\/v2\/posts\/9389\/revisions\/9391"}],"wp:featuredmedia":[{"embeddable":true,"href":"https:\/\/dgospel.com.br\/portal\/index.php\/wp-json\/wp\/v2\/media\/9390"}],"wp:attachment":[{"href":"https:\/\/dgospel.com.br\/portal\/index.php\/wp-json\/wp\/v2\/media?parent=9389"}],"wp:term":[{"taxonomy":"category","embeddable":true,"href":"https:\/\/dgospel.com.br\/portal\/index.php\/wp-json\/wp\/v2\/categories?post=9389"},{"taxonomy":"post_tag","embeddable":true,"href":"https:\/\/dgospel.com.br\/portal\/index.php\/wp-json\/wp\/v2\/tags?post=9389"}],"curies":[{"name":"wp","href":"https:\/\/api.w.org\/{rel}","templated":true}]}}