{"id":9394,"date":"2021-09-16T23:01:32","date_gmt":"2021-09-17T02:01:32","guid":{"rendered":"http:\/\/dgospel.com.br\/portal\/?p=9394"},"modified":"2021-09-16T23:01:34","modified_gmt":"2021-09-17T02:01:34","slug":"bolsonaro-critica-quarentena-para-juizes-e-pms-e-promete-veto","status":"publish","type":"post","link":"https:\/\/dgospel.com.br\/portal\/index.php\/2021\/09\/16\/bolsonaro-critica-quarentena-para-juizes-e-pms-e-promete-veto\/","title":{"rendered":"Bolsonaro critica quarentena para ju\u00edzes e PMs e promete veto"},"content":{"rendered":"\n<p>Em transmiss\u00e3o ao vivo pelas redes sociais nesta quinta-feira (16), o presidente Jair Bolsonaro criticou a decis\u00e3o da C\u00e2mara dos Deputados de voltar com a quarentena eleitoral para magistrados, procuradores, policiais e militares no texto do novo C\u00f3digo Eleitoral. A medida havia sido derrubada na semana passada, mas uma articula\u00e7\u00e3o do presidente da Casa, Arthur Lira (PP-AL), trouxe de volta o mecanismo ao texto.<\/p>\n\n\n\n<p>O placar final da vota\u00e7\u00e3o terminou em 273 votos a favor, 211 contr\u00e1rios e tr\u00eas absten\u00e7\u00f5es. No total, a volta da quarentena contou com o apoio de lideran\u00e7as do MDB, PSDB, PSD, PL, PCdoB, Cidadania, Avante, DEM, PT e Republicanos.<\/p>\n\n\n\n<p>Ao falar sobre a medida, Bolsonaro disse esperar que n\u00e3o passe no Senado.<\/p>\n\n\n\n<p>\u2013 Voc\u00eas que \u00e9 militar da ativa, bombeiro, policial, juiz, militar das For\u00e7as Armadas. Para voc\u00ea ser candidato, \u00e9 preciso estar h\u00e1 cinco anos na reserva. Um absurdo isso aqui. Vai para o Senado. Espero que o Senado n\u00e3o aprove isso aqui \u2013 apontou.<\/p>\n\n\n\n<p>Para o presidente, a medida \u00e9 uma maneira de excluir os militares da pol\u00edtica.<\/p>\n\n\n\n<p>\u2013 Veja, o cara sai da cadeia e j\u00e1 pode se candidatar a presidente da Rep\u00fablica. E voc\u00ea, militar da ativa, n\u00e3o pode ser candidato a vereador. Isso n\u00e3o tem cabimento. \u00c9 querer alijar os militares de maneira geral da pol\u00edtica \u2013 ressaltou.<\/p>\n\n\n\n<p>Ele ent\u00e3o prometeu vetar o trecho caso seja aprovado no Senado.<\/p>\n\n\n\n<p>\u2013 Obviamente, se passar no Senado, que eu acho que n\u00e3o passa, a gente veta. E a\u00ed volta para o Congresso, que mant\u00e9m ou n\u00e3o o veto \u2013 destacou.<\/p>\n\n\n\n<p>Por fim, Bolsonaro lembrou que o texto contou com o apoio de partidos de esquerda.<\/p>\n\n\n\n<p>\u2013 E como votaram os partidos de esquerda? T\u00e1 na cara que votaram a favor. Eles querem, cada vez mais, os militares fora da pol\u00edtica \u2013 criticou.<\/p>\n\n\n\n<figure class=\"wp-block-embed-youtube wp-block-embed is-type-video is-provider-youtube wp-embed-aspect-16-9 wp-has-aspect-ratio\"><div class=\"wp-block-embed__wrapper\">\n<iframe loading=\"lazy\" title=\"Live da Semana - PR Jair Bolsonaro | 16\/09\/2021\" width=\"630\" height=\"354\" src=\"https:\/\/www.youtube.com\/embed\/41kZlLFLuZw?start=957&#038;feature=oembed\" frameborder=\"0\" allow=\"accelerometer; autoplay; clipboard-write; encrypted-media; gyroscope; picture-in-picture\" allowfullscreen><\/iframe>\n<\/div><\/figure>\n","protected":false},"excerpt":{"rendered":"<p>Em transmiss\u00e3o ao vivo pelas redes sociais nesta quinta-feira (16), o presidente Jair Bolsonaro criticou a decis\u00e3o da C\u00e2mara dos Deputados de voltar com a quarentena eleitoral para magistrados, procuradores, policiais e militares no texto do novo C\u00f3digo Eleitoral. A medida havia sido derrubada na semana passada, mas uma articula\u00e7\u00e3o do presidente da Casa, Arthur [&hellip;]<\/p>\n","protected":false},"author":2,"featured_media":9395,"comment_status":"open","ping_status":"open","sticky":false,"template":"","format":"standard","meta":[],"categories":[4],"tags":[],"_links":{"self":[{"href":"https:\/\/dgospel.com.br\/portal\/index.php\/wp-json\/wp\/v2\/posts\/9394"}],"collection":[{"href":"https:\/\/dgospel.com.br\/portal\/index.php\/wp-json\/wp\/v2\/posts"}],"about":[{"href":"https:\/\/dgospel.com.br\/portal\/index.php\/wp-json\/wp\/v2\/types\/post"}],"author":[{"embeddable":true,"href":"https:\/\/dgospel.com.br\/portal\/index.php\/wp-json\/wp\/v2\/users\/2"}],"replies":[{"embeddable":true,"href":"https:\/\/dgospel.com.br\/portal\/index.php\/wp-json\/wp\/v2\/comments?post=9394"}],"version-history":[{"count":1,"href":"https:\/\/dgospel.com.br\/portal\/index.php\/wp-json\/wp\/v2\/posts\/9394\/revisions"}],"predecessor-version":[{"id":9396,"href":"https:\/\/dgospel.com.br\/portal\/index.php\/wp-json\/wp\/v2\/posts\/9394\/revisions\/9396"}],"wp:featuredmedia":[{"embeddable":true,"href":"https:\/\/dgospel.com.br\/portal\/index.php\/wp-json\/wp\/v2\/media\/9395"}],"wp:attachment":[{"href":"https:\/\/dgospel.com.br\/portal\/index.php\/wp-json\/wp\/v2\/media?parent=9394"}],"wp:term":[{"taxonomy":"category","embeddable":true,"href":"https:\/\/dgospel.com.br\/portal\/index.php\/wp-json\/wp\/v2\/categories?post=9394"},{"taxonomy":"post_tag","embeddable":true,"href":"https:\/\/dgospel.com.br\/portal\/index.php\/wp-json\/wp\/v2\/tags?post=9394"}],"curies":[{"name":"wp","href":"https:\/\/api.w.org\/{rel}","templated":true}]}}