{"id":9397,"date":"2021-09-16T23:09:49","date_gmt":"2021-09-17T02:09:49","guid":{"rendered":"http:\/\/dgospel.com.br\/portal\/?p=9397"},"modified":"2021-09-16T23:09:50","modified_gmt":"2021-09-17T02:09:50","slug":"mendonca-tem-voto-no-senado-para-stf-diz-lider-evangelico","status":"publish","type":"post","link":"https:\/\/dgospel.com.br\/portal\/index.php\/2021\/09\/16\/mendonca-tem-voto-no-senado-para-stf-diz-lider-evangelico\/","title":{"rendered":"\u2018Mendon\u00e7a tem voto no Senado para STF\u2019, diz l\u00edder evang\u00e9lico"},"content":{"rendered":"\n<p> Enquanto aguarda a data de sua sabatina na Comiss\u00e3o de Constitui\u00e7\u00e3o e Justi\u00e7a (CCJ) do Senado, Andr\u00e9 Mendon\u00e7a segue em busca do apoio de senadores para ser aprovado para o Supremo Tribunal Federal (STF). Apesar da busca pelo apoio, lideran\u00e7as evang\u00e9licas consideram que ele j\u00e1 possui a quantidade necess\u00e1ria de votos. <\/p>\n\n\n\n<p> Em entrevista \u00e0 coluna de Chico Alves, do portal Uol, o deputado Cezinha de Madureira (PSD-SP), l\u00edder da bancada evang\u00e9lica, disse que Mendon\u00e7a possui as qualifica\u00e7\u00f5es necess\u00e1rias para ingressar no Supremo. <\/p>\n\n\n\n<p>\u2013 O Andr\u00e9 Mendon\u00e7a \u00e9 o nome indicado do presidente, tem todas as qualifica\u00e7\u00f5es necess\u00e1rias e tem voto no Senado \u2013 apontou.<\/p>\n\n\n\n<p>Ex-advogado-geral da Uni\u00e3o, Mendon\u00e7a foi indicado em julho pelo presidente Jair Bolsonaro para ocupar a vaga deixada pelo ministro Marco Aur\u00e9lio de Mello no STF. Mas, desde ent\u00e3o, seu nome n\u00e3o passou pelo primeiro passo para ingressar na Corte. Ele aguarda que o presidente da CCJ, Davi Alcolumbre (DEM-AP), marque a data da sabatina.<\/p>\n","protected":false},"excerpt":{"rendered":"<p>Enquanto aguarda a data de sua sabatina na Comiss\u00e3o de Constitui\u00e7\u00e3o e Justi\u00e7a (CCJ) do Senado, Andr\u00e9 Mendon\u00e7a segue em busca do apoio de senadores para ser aprovado para o Supremo Tribunal Federal (STF). Apesar da busca pelo apoio, lideran\u00e7as evang\u00e9licas consideram que ele j\u00e1 possui a quantidade necess\u00e1ria de votos. Em entrevista \u00e0 coluna [&hellip;]<\/p>\n","protected":false},"author":2,"featured_media":9398,"comment_status":"open","ping_status":"open","sticky":false,"template":"","format":"standard","meta":[],"categories":[6],"tags":[14],"_links":{"self":[{"href":"https:\/\/dgospel.com.br\/portal\/index.php\/wp-json\/wp\/v2\/posts\/9397"}],"collection":[{"href":"https:\/\/dgospel.com.br\/portal\/index.php\/wp-json\/wp\/v2\/posts"}],"about":[{"href":"https:\/\/dgospel.com.br\/portal\/index.php\/wp-json\/wp\/v2\/types\/post"}],"author":[{"embeddable":true,"href":"https:\/\/dgospel.com.br\/portal\/index.php\/wp-json\/wp\/v2\/users\/2"}],"replies":[{"embeddable":true,"href":"https:\/\/dgospel.com.br\/portal\/index.php\/wp-json\/wp\/v2\/comments?post=9397"}],"version-history":[{"count":1,"href":"https:\/\/dgospel.com.br\/portal\/index.php\/wp-json\/wp\/v2\/posts\/9397\/revisions"}],"predecessor-version":[{"id":9399,"href":"https:\/\/dgospel.com.br\/portal\/index.php\/wp-json\/wp\/v2\/posts\/9397\/revisions\/9399"}],"wp:featuredmedia":[{"embeddable":true,"href":"https:\/\/dgospel.com.br\/portal\/index.php\/wp-json\/wp\/v2\/media\/9398"}],"wp:attachment":[{"href":"https:\/\/dgospel.com.br\/portal\/index.php\/wp-json\/wp\/v2\/media?parent=9397"}],"wp:term":[{"taxonomy":"category","embeddable":true,"href":"https:\/\/dgospel.com.br\/portal\/index.php\/wp-json\/wp\/v2\/categories?post=9397"},{"taxonomy":"post_tag","embeddable":true,"href":"https:\/\/dgospel.com.br\/portal\/index.php\/wp-json\/wp\/v2\/tags?post=9397"}],"curies":[{"name":"wp","href":"https:\/\/api.w.org\/{rel}","templated":true}]}}