{"id":9400,"date":"2021-09-16T23:18:32","date_gmt":"2021-09-17T02:18:32","guid":{"rendered":"http:\/\/dgospel.com.br\/portal\/?p=9400"},"modified":"2021-09-16T23:18:33","modified_gmt":"2021-09-17T02:18:33","slug":"vulcao-capaz-de-gerar-tsunami-no-brasil-entra-em-alerta","status":"publish","type":"post","link":"https:\/\/dgospel.com.br\/portal\/index.php\/2021\/09\/16\/vulcao-capaz-de-gerar-tsunami-no-brasil-entra-em-alerta\/","title":{"rendered":"Vulc\u00e3o capaz de gerar tsunami no Brasil entra em alerta"},"content":{"rendered":"\n<p>Adormecido h\u00e1 d\u00e9cadas, o vulc\u00e3o Cumbre Vieja, localizado na ilha de La Palma, come\u00e7ou a dar sinais de atividade moderada nos \u00faltimos dias, levando as autoridades espanholas a acionarem alerta amarelo de erup\u00e7\u00e3o. Apesar de estar localizado na costa do continente africano, o vulc\u00e3o tem chances de causar um tsunami capaz de percorrer dist\u00e2ncias transatl\u00e2nticas e atingir todas as Am\u00e9ricas, incluindo o Brasil.<\/p>\n\n\n\n<p>Em comunicado nesta semana, o MetSul Meteorologia informou que houve um aumento significativo nos movimentos s\u00edsmicos da regi\u00e3o desde o \u00faltimo s\u00e1bado (11).<\/p>\n\n\n\n<p>\u2013 Nos \u00faltimos dias, al\u00e9m de aumentar o volume de movimentos s\u00edsmicos, sua intensidade aumentou com abalos que tiveram magnitude superior a 3. A profundidade dos epicentros tamb\u00e9m diminuiu, em m\u00e9dia, de 30 para 12 quil\u00f4metros. S\u00f3 ontem foram mais de 100 tremores e um teve profundidade de apenas 4 quil\u00f4metros \u2013 detalhou.<\/p>\n\n\n\n<p>Em entrevista ao portal UOL, o pesquisador do Instituto de Ci\u00eancias do Mar da UFC (Universidade Federal do Cear\u00e1), Carlos Teixeira, explicou que diversos estudos j\u00e1 publicados confirmam que a hip\u00f3tese do tsnuami transatl\u00e2ntico \u00e9 \u201creal, e ela aconteceria caso houvesse uma erup\u00e7\u00e3o explosiva\u201d.<\/p>\n\n\n\n<p>\u2013 Ele [o vulc\u00e3o] n\u00e3o estava dando sinais de erup\u00e7\u00e3o, mas agora ele chegou a um segundo n\u00edvel. S\u00e3o quatro n\u00edveis de alerta. Ele pode vir a ter uma erup\u00e7\u00e3o, mas n\u00e3o significa que essa erup\u00e7\u00e3o vai gerar um tsunami, mas \u00e9 uma possibilidade, mesmo que m\u00ednima \u2013 ponderou.<\/p>\n\n\n\n<p>Estima-se que o tsunami seria capaz de atingir praticamente todos os pa\u00edses banhados pelo oceano Atl\u00e2ntico e que, no Brasil, as regi\u00f5es mais afetadas seriam Norte e Nordeste. Teixeira ressalta, por\u00e9m, que n\u00e3o h\u00e1 motivo para preocupa\u00e7\u00e3o no momento e que, ainda que a hip\u00f3tese se concretize, as consequ\u00eancias podem n\u00e3o ser graves.<\/p>\n\n\n\n<p>\u2013 Se essa possibilidade de erup\u00e7\u00e3o ocorrer, n\u00e3o significa que vai ser explosiva; se for, n\u00e3o quer dizer que vai chegar aqui com ondas de oito, dez metros; pode chegar aqui bem menor \u2013 explicou.<\/p>\n","protected":false},"excerpt":{"rendered":"<p>Adormecido h\u00e1 d\u00e9cadas, o vulc\u00e3o Cumbre Vieja, localizado na ilha de La Palma, come\u00e7ou a dar sinais de atividade moderada nos \u00faltimos dias, levando as autoridades espanholas a acionarem alerta amarelo de erup\u00e7\u00e3o. Apesar de estar localizado na costa do continente africano, o vulc\u00e3o tem chances de causar um tsunami capaz de percorrer dist\u00e2ncias transatl\u00e2nticas [&hellip;]<\/p>\n","protected":false},"author":2,"featured_media":9401,"comment_status":"open","ping_status":"open","sticky":false,"template":"","format":"standard","meta":[],"categories":[4],"tags":[],"_links":{"self":[{"href":"https:\/\/dgospel.com.br\/portal\/index.php\/wp-json\/wp\/v2\/posts\/9400"}],"collection":[{"href":"https:\/\/dgospel.com.br\/portal\/index.php\/wp-json\/wp\/v2\/posts"}],"about":[{"href":"https:\/\/dgospel.com.br\/portal\/index.php\/wp-json\/wp\/v2\/types\/post"}],"author":[{"embeddable":true,"href":"https:\/\/dgospel.com.br\/portal\/index.php\/wp-json\/wp\/v2\/users\/2"}],"replies":[{"embeddable":true,"href":"https:\/\/dgospel.com.br\/portal\/index.php\/wp-json\/wp\/v2\/comments?post=9400"}],"version-history":[{"count":1,"href":"https:\/\/dgospel.com.br\/portal\/index.php\/wp-json\/wp\/v2\/posts\/9400\/revisions"}],"predecessor-version":[{"id":9402,"href":"https:\/\/dgospel.com.br\/portal\/index.php\/wp-json\/wp\/v2\/posts\/9400\/revisions\/9402"}],"wp:featuredmedia":[{"embeddable":true,"href":"https:\/\/dgospel.com.br\/portal\/index.php\/wp-json\/wp\/v2\/media\/9401"}],"wp:attachment":[{"href":"https:\/\/dgospel.com.br\/portal\/index.php\/wp-json\/wp\/v2\/media?parent=9400"}],"wp:term":[{"taxonomy":"category","embeddable":true,"href":"https:\/\/dgospel.com.br\/portal\/index.php\/wp-json\/wp\/v2\/categories?post=9400"},{"taxonomy":"post_tag","embeddable":true,"href":"https:\/\/dgospel.com.br\/portal\/index.php\/wp-json\/wp\/v2\/tags?post=9400"}],"curies":[{"name":"wp","href":"https:\/\/api.w.org\/{rel}","templated":true}]}}