{"id":9421,"date":"2021-09-18T09:12:18","date_gmt":"2021-09-18T12:12:18","guid":{"rendered":"http:\/\/dgospel.com.br\/portal\/?p=9421"},"modified":"2021-09-18T09:12:20","modified_gmt":"2021-09-18T12:12:20","slug":"prefeitura-de-palmas-institui-exigencia-de-comprovante-de-vacina-em-eventos","status":"publish","type":"post","link":"https:\/\/dgospel.com.br\/portal\/index.php\/2021\/09\/18\/prefeitura-de-palmas-institui-exigencia-de-comprovante-de-vacina-em-eventos\/","title":{"rendered":"Prefeitura de Palmas institui exig\u00eancia de comprovante de vacina em eventos"},"content":{"rendered":"\n<p>A partir de segunda-feira, 20 de setembro, passa a ser obrigat\u00f3ria a apresenta\u00e7\u00e3o de comprovante de vacina\u00e7\u00e3o contra a Covid-19, para o acesso a eventos realizados em ambientes p\u00fablicos ou privados, que ultrapassem a quantidade de 200 pessoas, no munic\u00edpio de Palmas. A medida consta no&nbsp;<a rel=\"noreferrer noopener\" target=\"_blank\" href=\"http:\/\/diariooficial.palmas.to.gov.br\/media\/diario\/2822-17-9-2021-21-6-40.pdf\">Decreto n\u00ba 2.100<\/a>&nbsp;publicado na noite desta sexta-feira, 17. Tamb\u00e9m fica autorizado, a partir do dia 4 de outubro, o retorno de 100% das aulas presenciais em escolas p\u00fablicas e privadas na Capital.&nbsp;<\/p>\n\n\n\n<p>As novas medidas adotadas pela Prefeitura de Palmas est\u00e3o amparadas no avan\u00e7o da vacina\u00e7\u00e3o contra a Covid-19 e na tend\u00eancia de queda dos indicadores da pandemia do novo coronav\u00edrus na Capital, como taxa de ocupa\u00e7\u00e3o hospitalar e taxa de cont\u00e1gio. O Munic\u00edpio j\u00e1 distribuiu 265 mil doses de vacinas, das quais mais de 187 mil correspondem \u00e0 1\u00aa dose, uma cobertura de quase 75% em rela\u00e7\u00e3o \u00e0 popula\u00e7\u00e3o eleg\u00edvel conforme o Plano Nacional de Imuniza\u00e7\u00e3o (PNI).<\/p>\n\n\n\n<p><strong>Regras<\/strong><\/p>\n\n\n\n<p>Conforme estabelece o decreto, o comprovante de vacina\u00e7\u00e3o corresponde \u00e0 2\u00aa dose ou dose \u00fanica da vacina contra a Covid-19, observado o cronograma institu\u00eddo pela Secretaria Municipal da Sa\u00fade, bem como a programa\u00e7\u00e3o estabelecida pelo Plano Nacional de Vacina\u00e7\u00e3o do Minist\u00e9rio da Sa\u00fade.&nbsp;<\/p>\n\n\n\n<p>\u00c9 de responsabilidade do organizador do evento (art\u00edstico, esportivo, casamento, anivers\u00e1rio, confer\u00eancia, exposi\u00e7\u00e3o etc) exigir a apresenta\u00e7\u00e3o do comprovante. Os infratores est\u00e3o sujeitos a multa, com valor definido de acordo com a legisla\u00e7\u00e3o municipal, aplicada pela Secretaria Municipal de Desenvolvimento Urbano e Servi\u00e7os Regionais, a quem compete a fiscaliza\u00e7\u00e3o dos eventos. O decreto limita, ainda, para todas as atividades, a entrada de usu\u00e1rios a 70% da capacidade do estabelecimento.<\/p>\n\n\n\n<p><strong>Escolas<\/strong><\/p>\n\n\n\n<p>A partir do dia 4 de outubro, fica autorizado, pela Prefeitura de Palmas, o retorno de 100% das aulas presenciais nas escolas p\u00fablicas e privadas na Capital. Os estabelecimentos de ensino dever\u00e3o obedecer aos protocolos da Vigil\u00e2ncia Sanit\u00e1ria do Munic\u00edpio.&nbsp;<\/p>\n\n\n\n<p>Quanto \u00e0s unidades da rede municipal, caber\u00e1 \u00e0 Secretaria Municipal da Educa\u00e7\u00e3o estabelecer, por meio de portaria, as regras aplic\u00e1veis ao retorno das aulas presenciais.&nbsp;<\/p>\n\n\n\n<p><strong>Revoga\u00e7\u00f5es<\/strong><\/p>\n\n\n\n<p>Os artigos 12, 13, 14 e a al\u00ednea \u201ca\u201d do inciso I do caput do art. 12-A do Decreto 1.856, de 14 de mar\u00e7o de 2020, que trouxe as primeiras restri\u00e7\u00f5es para as atividades n\u00e3o essenciais, ficam revogados com o novo decreto publicado nesta sexta. Outros sete decretos tamb\u00e9m foram revogados, como o n\u00ba 2003, de 3 de mar\u00e7o deste ano, que trazia regras mais restritivas \u00e0s atividades n\u00e3o essenciais em raz\u00e3o do avan\u00e7o da Covid-19 naquele per\u00edodo, e o n\u00ba 2020, de abril \u00faltimo, que ainda mantinha algumas restri\u00e7\u00f5es a determinadas atividades. Leia o Decreto n\u00ba 2.100 na \u00edntegra&nbsp;<a rel=\"noreferrer noopener\" target=\"_blank\" href=\"http:\/\/diariooficial.palmas.to.gov.br\/media\/diario\/2822-17-9-2021-21-6-40.pdf\">aqui<\/a>.&nbsp;<br><\/p>\n","protected":false},"excerpt":{"rendered":"<p>A partir de segunda-feira, 20 de setembro, passa a ser obrigat\u00f3ria a apresenta\u00e7\u00e3o de comprovante de vacina\u00e7\u00e3o contra a Covid-19, para o acesso a eventos realizados em ambientes p\u00fablicos ou privados, que ultrapassem a quantidade de 200 pessoas, no munic\u00edpio de Palmas. A medida consta no&nbsp;Decreto n\u00ba 2.100&nbsp;publicado na noite desta sexta-feira, 17. Tamb\u00e9m fica [&hellip;]<\/p>\n","protected":false},"author":2,"featured_media":9422,"comment_status":"open","ping_status":"open","sticky":false,"template":"","format":"standard","meta":[],"categories":[3],"tags":[],"_links":{"self":[{"href":"https:\/\/dgospel.com.br\/portal\/index.php\/wp-json\/wp\/v2\/posts\/9421"}],"collection":[{"href":"https:\/\/dgospel.com.br\/portal\/index.php\/wp-json\/wp\/v2\/posts"}],"about":[{"href":"https:\/\/dgospel.com.br\/portal\/index.php\/wp-json\/wp\/v2\/types\/post"}],"author":[{"embeddable":true,"href":"https:\/\/dgospel.com.br\/portal\/index.php\/wp-json\/wp\/v2\/users\/2"}],"replies":[{"embeddable":true,"href":"https:\/\/dgospel.com.br\/portal\/index.php\/wp-json\/wp\/v2\/comments?post=9421"}],"version-history":[{"count":1,"href":"https:\/\/dgospel.com.br\/portal\/index.php\/wp-json\/wp\/v2\/posts\/9421\/revisions"}],"predecessor-version":[{"id":9423,"href":"https:\/\/dgospel.com.br\/portal\/index.php\/wp-json\/wp\/v2\/posts\/9421\/revisions\/9423"}],"wp:featuredmedia":[{"embeddable":true,"href":"https:\/\/dgospel.com.br\/portal\/index.php\/wp-json\/wp\/v2\/media\/9422"}],"wp:attachment":[{"href":"https:\/\/dgospel.com.br\/portal\/index.php\/wp-json\/wp\/v2\/media?parent=9421"}],"wp:term":[{"taxonomy":"category","embeddable":true,"href":"https:\/\/dgospel.com.br\/portal\/index.php\/wp-json\/wp\/v2\/categories?post=9421"},{"taxonomy":"post_tag","embeddable":true,"href":"https:\/\/dgospel.com.br\/portal\/index.php\/wp-json\/wp\/v2\/tags?post=9421"}],"curies":[{"name":"wp","href":"https:\/\/api.w.org\/{rel}","templated":true}]}}