{"id":9424,"date":"2021-09-20T11:22:51","date_gmt":"2021-09-20T14:22:51","guid":{"rendered":"http:\/\/dgospel.com.br\/portal\/?p=9424"},"modified":"2021-09-20T11:22:53","modified_gmt":"2021-09-20T14:22:53","slug":"igreja-presbiteriana-de-curitiba-deve-receber-refugiados-do-afeganistao","status":"publish","type":"post","link":"https:\/\/dgospel.com.br\/portal\/index.php\/2021\/09\/20\/igreja-presbiteriana-de-curitiba-deve-receber-refugiados-do-afeganistao\/","title":{"rendered":"Igreja Presbiteriana de Curitiba deve receber refugiados do Afeganist\u00e3o"},"content":{"rendered":"\n<p>A Igreja Presbiteriana de Curitiba vai receber, at\u00e9 o final de 2021, 92 refugiados do&nbsp;<strong><a href=\"https:\/\/folhagospel.com\/afeganistao-ministerios-perdem-contato-com-cristaos-que-nao-conseguiram-fugir\/\" target=\"_blank\" rel=\"noreferrer noopener\">Afeganist\u00e3o<\/a><\/strong>. De acordo com o reverendo Luiz Renato Maia, s\u00e3o dez fam\u00edlias que sofreram persegui\u00e7\u00e3o religiosa ap\u00f3s o Talib\u00e3 tomar o poder do pa\u00eds. As informa\u00e7\u00f5es foram confirmadas pelo portal G1 do Panan\u00e1.<\/p>\n\n\n\n<p>Segundo o reverendo Maia, as fam\u00edlias est\u00e3o em pa\u00edses vizinhos do Afeganist\u00e3o regularizando documentos para poderem vir para o Brasil. \u201cS\u00e3o crist\u00e3os perseguidos, ex-mu\u00e7ulmanos convertidos, que foram obrigados a se retirarem \u00e0s pressas do pa\u00eds\u201d, afirmou.<\/p>\n\n\n\n<p>Assim que chegarem a Curitiba e regi\u00e3o, as fam\u00edlias passam quatro meses recebendo aux\u00edlio da igreja, com moradia, roupas, aulas de portugu\u00eas e orienta\u00e7\u00e3o para emiss\u00e3o de documentos, como carteira de trabalho.<\/p>\n\n\n\n<p>Depois deste per\u00edodo, segundo apurou o G1, as fam\u00edlias podem ser encaminhadas para outras cidades do Brasil, onde possam reconstruir a vida. \u201cDa\u00ed elas recebem mais um ano de apoio, com orienta\u00e7\u00e3o para inser\u00e7\u00e3o no mercado de trabalho\u201d, disse.<\/p>\n\n\n\n<p>A Igreja Presbiteriana de Curitiba j\u00e1 colaborou com a causa dos refugiados em outras ocasi\u00f5es. Neste momento de prepara\u00e7\u00e3o para receber os quase 100 refugiados a comunidade realiza campanhas de arrecada\u00e7\u00e3o de doa\u00e7\u00f5es para financiar toda opera\u00e7\u00e3o.<\/p>\n\n\n\n<p>A igreja explica que as doa\u00e7\u00f5es s\u00e3o para fam\u00edlias. \u201cJ\u00e1 recebemos iraquianos e s\u00edrios em outras situa\u00e7\u00f5es. S\u00e3o pessoas que chegam apenas com a roupa do corpo\u201d, afirmou o reverendo. As doa\u00e7\u00f5es de roupas, cal\u00e7ados e produtos de higiene podem ser feitas na sede da igreja, na rua Comendador Ara\u00fajo, 343, no Centro de Curitiba.<\/p>\n\n\n\n<p><strong>Fonte: Comunh\u00e3o com informa\u00e7\u00f5es de G1<\/strong><\/p>\n","protected":false},"excerpt":{"rendered":"<p>A Igreja Presbiteriana de Curitiba vai receber, at\u00e9 o final de 2021, 92 refugiados do&nbsp;Afeganist\u00e3o. De acordo com o reverendo Luiz Renato Maia, s\u00e3o dez fam\u00edlias que sofreram persegui\u00e7\u00e3o religiosa ap\u00f3s o Talib\u00e3 tomar o poder do pa\u00eds. As informa\u00e7\u00f5es foram confirmadas pelo portal G1 do Panan\u00e1. Segundo o reverendo Maia, as fam\u00edlias est\u00e3o em [&hellip;]<\/p>\n","protected":false},"author":2,"featured_media":9425,"comment_status":"open","ping_status":"open","sticky":false,"template":"","format":"standard","meta":[],"categories":[5],"tags":[13],"_links":{"self":[{"href":"https:\/\/dgospel.com.br\/portal\/index.php\/wp-json\/wp\/v2\/posts\/9424"}],"collection":[{"href":"https:\/\/dgospel.com.br\/portal\/index.php\/wp-json\/wp\/v2\/posts"}],"about":[{"href":"https:\/\/dgospel.com.br\/portal\/index.php\/wp-json\/wp\/v2\/types\/post"}],"author":[{"embeddable":true,"href":"https:\/\/dgospel.com.br\/portal\/index.php\/wp-json\/wp\/v2\/users\/2"}],"replies":[{"embeddable":true,"href":"https:\/\/dgospel.com.br\/portal\/index.php\/wp-json\/wp\/v2\/comments?post=9424"}],"version-history":[{"count":1,"href":"https:\/\/dgospel.com.br\/portal\/index.php\/wp-json\/wp\/v2\/posts\/9424\/revisions"}],"predecessor-version":[{"id":9426,"href":"https:\/\/dgospel.com.br\/portal\/index.php\/wp-json\/wp\/v2\/posts\/9424\/revisions\/9426"}],"wp:featuredmedia":[{"embeddable":true,"href":"https:\/\/dgospel.com.br\/portal\/index.php\/wp-json\/wp\/v2\/media\/9425"}],"wp:attachment":[{"href":"https:\/\/dgospel.com.br\/portal\/index.php\/wp-json\/wp\/v2\/media?parent=9424"}],"wp:term":[{"taxonomy":"category","embeddable":true,"href":"https:\/\/dgospel.com.br\/portal\/index.php\/wp-json\/wp\/v2\/categories?post=9424"},{"taxonomy":"post_tag","embeddable":true,"href":"https:\/\/dgospel.com.br\/portal\/index.php\/wp-json\/wp\/v2\/tags?post=9424"}],"curies":[{"name":"wp","href":"https:\/\/api.w.org\/{rel}","templated":true}]}}