{"id":9427,"date":"2021-09-20T11:33:41","date_gmt":"2021-09-20T14:33:41","guid":{"rendered":"http:\/\/dgospel.com.br\/portal\/?p=9427"},"modified":"2021-09-20T11:33:42","modified_gmt":"2021-09-20T14:33:42","slug":"feliciano-critica-alcolumbre-por-atrasar-sabatina-de-mendonca","status":"publish","type":"post","link":"https:\/\/dgospel.com.br\/portal\/index.php\/2021\/09\/20\/feliciano-critica-alcolumbre-por-atrasar-sabatina-de-mendonca\/","title":{"rendered":"Feliciano critica Alcolumbre por \u2018atrasar\u2019 sabatina de Mendon\u00e7a"},"content":{"rendered":"\n<p>\n\nNeste domingo (19), o deputado federal Marco Feliciano (Republicanos-SP) utilizou suas redes sociais para criticar o senador Davi Alcolumbre (DEM-AP), presidente da Comiss\u00e3o de Constitui\u00e7\u00e3o e Justi\u00e7a (CCJ) do Senado. O coment\u00e1rio foi feito em raz\u00e3o da demora de Alcolumbre de marcar a sabatina de Andr\u00e9 Mendon\u00e7a para o Supremo Tribunal Federal (STF).\n\n<\/p>\n\n\n\n<figure class=\"wp-block-image\"><img src=\"https:\/\/static.cdn.pleno.news\/2021\/09\/1632081127896611.jpg\" alt=\"\" class=\"wp-image-806533\"\/><figcaption>Deputado Marco Feliciano criticou o senador Davi Alcolumbre por demorar a marcar a sabatina de Andr\u00e9 Mendon\u00e7a&nbsp;Foto: Arte\/Pleno.News<\/figcaption><\/figure>\n\n\n\n<p> Ex-advogado-geral da Uni\u00e3o, Mendon\u00e7a foi indicado em julho pelo presidente Jair Bolsonaro para ocupar a vaga deixada pelo ministro Marco Aur\u00e9lio de Mello no STF. Mas, desde ent\u00e3o, seu nome n\u00e3o passou pelo primeiro passo para ingressar na Corte, a sabatina. <\/p>\n\n\n\n<p>Em sua conta do Twitter, Feliciano afirmou que Alcolumbre \u201cse apequena\u201d ao demorar em definir uma data para o procedimento e disse n\u00e3o querer acreditar sobre o \u201creal motivo\u201d para a demora.<\/p>\n\n\n\n<p>\u2013 Davi Alcolumbre, por quem tenho respeito, se apequena ao protelar a sabatina de Andr\u00e9 Mendon\u00e7a. O senador falta com o seu dever constitucional! Nunca no Brasil um indicado passou por tamanha desfeita. Me recuso a acreditar no que ou\u00e7o pelos corredores sobre o real motivo da protela\u00e7\u00e3o \u2013<\/p>\n\n\n\n<figure class=\"wp-block-image\"><img src=\"https:\/\/static.cdn.pleno.news\/2021\/09\/Felic.png\" alt=\"\" class=\"wp-image-806531\"\/><\/figure>\n","protected":false},"excerpt":{"rendered":"<p>Neste domingo (19), o deputado federal Marco Feliciano (Republicanos-SP) utilizou suas redes sociais para criticar o senador Davi Alcolumbre (DEM-AP), presidente da Comiss\u00e3o de Constitui\u00e7\u00e3o e Justi\u00e7a (CCJ) do Senado. O coment\u00e1rio foi feito em raz\u00e3o da demora de Alcolumbre de marcar a sabatina de Andr\u00e9 Mendon\u00e7a para o Supremo Tribunal Federal (STF). Ex-advogado-geral da [&hellip;]<\/p>\n","protected":false},"author":2,"featured_media":9428,"comment_status":"open","ping_status":"open","sticky":false,"template":"","format":"standard","meta":[],"categories":[4],"tags":[13,14],"_links":{"self":[{"href":"https:\/\/dgospel.com.br\/portal\/index.php\/wp-json\/wp\/v2\/posts\/9427"}],"collection":[{"href":"https:\/\/dgospel.com.br\/portal\/index.php\/wp-json\/wp\/v2\/posts"}],"about":[{"href":"https:\/\/dgospel.com.br\/portal\/index.php\/wp-json\/wp\/v2\/types\/post"}],"author":[{"embeddable":true,"href":"https:\/\/dgospel.com.br\/portal\/index.php\/wp-json\/wp\/v2\/users\/2"}],"replies":[{"embeddable":true,"href":"https:\/\/dgospel.com.br\/portal\/index.php\/wp-json\/wp\/v2\/comments?post=9427"}],"version-history":[{"count":1,"href":"https:\/\/dgospel.com.br\/portal\/index.php\/wp-json\/wp\/v2\/posts\/9427\/revisions"}],"predecessor-version":[{"id":9429,"href":"https:\/\/dgospel.com.br\/portal\/index.php\/wp-json\/wp\/v2\/posts\/9427\/revisions\/9429"}],"wp:featuredmedia":[{"embeddable":true,"href":"https:\/\/dgospel.com.br\/portal\/index.php\/wp-json\/wp\/v2\/media\/9428"}],"wp:attachment":[{"href":"https:\/\/dgospel.com.br\/portal\/index.php\/wp-json\/wp\/v2\/media?parent=9427"}],"wp:term":[{"taxonomy":"category","embeddable":true,"href":"https:\/\/dgospel.com.br\/portal\/index.php\/wp-json\/wp\/v2\/categories?post=9427"},{"taxonomy":"post_tag","embeddable":true,"href":"https:\/\/dgospel.com.br\/portal\/index.php\/wp-json\/wp\/v2\/tags?post=9427"}],"curies":[{"name":"wp","href":"https:\/\/api.w.org\/{rel}","templated":true}]}}