{"id":9430,"date":"2021-09-20T12:11:25","date_gmt":"2021-09-20T15:11:25","guid":{"rendered":"http:\/\/dgospel.com.br\/portal\/?p=9430"},"modified":"2021-09-20T12:11:27","modified_gmt":"2021-09-20T15:11:27","slug":"prefeita-cinthia-ribeiro-atende-solicitacao-do-vereador-rubens-uchoa","status":"publish","type":"post","link":"https:\/\/dgospel.com.br\/portal\/index.php\/2021\/09\/20\/prefeita-cinthia-ribeiro-atende-solicitacao-do-vereador-rubens-uchoa\/","title":{"rendered":"Prefeita Cinthia Ribeiro atende solicita\u00e7\u00e3o do vereador Rubens Uch\u00f4a"},"content":{"rendered":"\n<p>O poder executivo na pessoa da representante Cinthia Ribeiro, atende solicita\u00e7\u00e3o do vice presidente da c\u00e2mara de Palmas.<\/p>\n\n\n\n<p>Rubens Uch\u00f4a, requereu a flexibiliza\u00e7\u00e3o do decreto com base na redu\u00e7\u00e3o do n\u00famero de infectados da covid-19 e a grande ader\u00eancia a vacina\u00e7\u00e3o, o retorno \u00e0s aulas e a vida cotidiana, com anseio de que volte a normalidade na capital tocantinense.<\/p>\n\n\n\n<p>O decreto prever a libera\u00e7\u00e3o de at\u00e9\n70% da capacidade de p\u00fablico nos com\u00e9rcios, e sem a imposi\u00e7\u00e3o de hor\u00e1rio de\nfechamento. <\/p>\n\n\n\n<p>Outra solicita\u00e7\u00e3o atendida \u00e9 sobre os\neventos, shows, apresenta\u00e7\u00f5es e afins.<\/p>\n\n\n\n<p>A prefeitura liberou a realiza\u00e7\u00e3o de\neventos mediante comprova\u00e7\u00e3o de vacina\u00e7\u00e3o do p\u00fablico. <\/p>\n\n\n\n<p>E 100% da capacidade para aulas\npresenciais nas escolas p\u00fablicas e particulares. <\/p>\n\n\n\n<p>Est\u00e1 mantido todas as outras\nobriga\u00e7\u00f5es como o uso de m\u00e1scara, \u00e1lcool em gel, distanciamento pessoal etc. <\/p>\n\n\n\n<p>Pedido aceito, mandato popular \u00e0\nservi\u00e7o de todos os palmenses.<\/p>\n","protected":false},"excerpt":{"rendered":"<p>O poder executivo na pessoa da representante Cinthia Ribeiro, atende solicita\u00e7\u00e3o do vice presidente da c\u00e2mara de Palmas. Rubens Uch\u00f4a, requereu a flexibiliza\u00e7\u00e3o do decreto com base na redu\u00e7\u00e3o do n\u00famero de infectados da covid-19 e a grande ader\u00eancia a vacina\u00e7\u00e3o, o retorno \u00e0s aulas e a vida cotidiana, com anseio de que volte a [&hellip;]<\/p>\n","protected":false},"author":2,"featured_media":9431,"comment_status":"open","ping_status":"open","sticky":false,"template":"","format":"standard","meta":[],"categories":[8],"tags":[],"_links":{"self":[{"href":"https:\/\/dgospel.com.br\/portal\/index.php\/wp-json\/wp\/v2\/posts\/9430"}],"collection":[{"href":"https:\/\/dgospel.com.br\/portal\/index.php\/wp-json\/wp\/v2\/posts"}],"about":[{"href":"https:\/\/dgospel.com.br\/portal\/index.php\/wp-json\/wp\/v2\/types\/post"}],"author":[{"embeddable":true,"href":"https:\/\/dgospel.com.br\/portal\/index.php\/wp-json\/wp\/v2\/users\/2"}],"replies":[{"embeddable":true,"href":"https:\/\/dgospel.com.br\/portal\/index.php\/wp-json\/wp\/v2\/comments?post=9430"}],"version-history":[{"count":1,"href":"https:\/\/dgospel.com.br\/portal\/index.php\/wp-json\/wp\/v2\/posts\/9430\/revisions"}],"predecessor-version":[{"id":9432,"href":"https:\/\/dgospel.com.br\/portal\/index.php\/wp-json\/wp\/v2\/posts\/9430\/revisions\/9432"}],"wp:featuredmedia":[{"embeddable":true,"href":"https:\/\/dgospel.com.br\/portal\/index.php\/wp-json\/wp\/v2\/media\/9431"}],"wp:attachment":[{"href":"https:\/\/dgospel.com.br\/portal\/index.php\/wp-json\/wp\/v2\/media?parent=9430"}],"wp:term":[{"taxonomy":"category","embeddable":true,"href":"https:\/\/dgospel.com.br\/portal\/index.php\/wp-json\/wp\/v2\/categories?post=9430"},{"taxonomy":"post_tag","embeddable":true,"href":"https:\/\/dgospel.com.br\/portal\/index.php\/wp-json\/wp\/v2\/tags?post=9430"}],"curies":[{"name":"wp","href":"https:\/\/api.w.org\/{rel}","templated":true}]}}