{"id":9437,"date":"2021-09-21T11:00:06","date_gmt":"2021-09-21T14:00:06","guid":{"rendered":"http:\/\/dgospel.com.br\/portal\/?p=9437"},"modified":"2021-09-21T11:00:08","modified_gmt":"2021-09-21T14:00:08","slug":"governador-carlesse-apresenta-ao-presidente-do-bndes-projetos-que-visam-desenvolver-o-tocantins","status":"publish","type":"post","link":"https:\/\/dgospel.com.br\/portal\/index.php\/2021\/09\/21\/governador-carlesse-apresenta-ao-presidente-do-bndes-projetos-que-visam-desenvolver-o-tocantins\/","title":{"rendered":"Governador Carlesse apresenta ao presidente do BNDES projetos que visam desenvolver o Tocantins"},"content":{"rendered":"\n<p>O governador do Estado do Tocantins, Mauro Carlesse, recebeu nesta segunda-feira, 20, no Pal\u00e1cio Araguaia, executivos do Banco Nacional de Desenvolvimento Econ\u00f4mico e Social (BNDES), liderados pelo presidente da institui\u00e7\u00e3o, Gustavo Henrique Montezano. O objetivo foi discutir estrat\u00e9gias de desenvolvimento social e econ\u00f4mico da regi\u00e3o, al\u00e9m do projeto que prev\u00ea a concess\u00e3o dos servi\u00e7os de turismo em parques estaduais do Tocantins.<\/p>\n\n\n\n<p>Na oportunidade, foi apresentado o programa&nbsp;<em>Tocando em Frente<\/em>, idealizado pelo Governo do Tocantins, que objetiva a retomada do crescimento econ\u00f4mico do Estado no per\u00edodo p\u00f3s-pandemia. O programa prev\u00ea investimentos na ordem de R$ 2,9 bilh\u00f5es, incluindo a execu\u00e7\u00e3o de obras nos 139 munic\u00edpios e potencial de gerar mais de 100 empregos.<\/p>\n\n\n\n<p>O presidente Gustavo Montezano apresentou a carteira de projetos do BNDES que est\u00e1 \u00e0 disposi\u00e7\u00e3o para a regi\u00e3o e fez esclarecimentos sobre os pontos do projeto que prev\u00ea a concess\u00e3o dos servi\u00e7os de turismo dos parques estaduais do Tocantins, dentre eles o do Parque Estadual do Jalap\u00e3o (PEJ).<\/p>\n\n\n\n<p>O BNDES foi contratado pelo Governo do Tocantins para elabora\u00e7\u00e3o dos estudos que visam \u00e0 concess\u00e3o dos servi\u00e7os atualmente prestados pelo Estado no PEJ, ou seja, sem envolver os empreendimentos privados na regi\u00e3o. Ap\u00f3s a etapa de consulta, uma nova vers\u00e3o da modelagem da concess\u00e3o ser\u00e1 feita, considerando as contribui\u00e7\u00f5es recebidas por todos os atores envolvidos, incluindo moradores, quilombolas e prestadores de servi\u00e7os na regi\u00e3o.&nbsp;<\/p>\n\n\n\n<p>De acordo com o presidente Gustavo Montezano, neste momento, o projeto de concess\u00e3o ainda est\u00e1 na fase de estudos. \u201cEssa proposta inicial de modelagem ser\u00e1 objeto de amplo debate com toda a sociedade por meio de consulta e audi\u00eancias p\u00fablicas, previstas para se iniciarem em 30 de setembro. Ap\u00f3s essa etapa, uma nova vers\u00e3o da modelagem da concess\u00e3o no parque ser\u00e1 feita\u201d, refor\u00e7ou.<\/p>\n\n\n\n<p><strong>Projeto de Concess\u00e3o<\/strong><\/p>\n\n\n\n<p>O projeto idealizado pelo Governo do Tocantins considera as \u00e1reas das Dunas da Serra do Esp\u00edrito Santo e da Cachoeira da Velha como os n\u00facleos principais para fins de concess\u00e3o. O projeto se limita \u00e0s \u00e1reas que j\u00e1 contam com regularidade fundi\u00e1ria, sem qualquer envolvimento com os territ\u00f3rios das comunidades quilombolas.<\/p>\n\n\n\n<p><strong>Programa do BNDES<\/strong><\/p>\n\n\n\n<p>Em entrevista coletiva \u00e0 imprensa local, Gustavo Montezano explicou que os projetos do Programa de Concess\u00e3o de Unidades de Conserva\u00e7\u00e3o do BNDES levam em conta os pilares da preserva\u00e7\u00e3o ambiental, turismo sustent\u00e1vel, gera\u00e7\u00e3o de renda e o desenvolvimento regional. O presidente da institui\u00e7\u00e3o frisou que nenhuma \u00e1rea quilombola do Jalap\u00e3o est\u00e1 inclu\u00edda na \u00e1rea de concess\u00e3o.<\/p>\n\n\n\n<p>Ainda de acordo com o presidente, o Programa de Concess\u00e3o de Unidades de Conserva\u00e7\u00e3o do BNDES visa atrair investimentos privados com o objetivo de impulsionar o potencial tur\u00edstico dos parques do Brasil. As concess\u00f5es melhoram a infraestrutura das unidades de conserva\u00e7\u00e3o e desenvolvem a voca\u00e7\u00e3o tur\u00edstica com a requalifica\u00e7\u00e3o e o desenvolvimento de novos atrativos, proporcionando uma experi\u00eancia de visita\u00e7\u00e3o muito mais completa e consolidando aspectos fundamentais para o incremento no fluxo de visitantes.<\/p>\n\n\n\n<p><strong>Retorno para a comunidade<\/strong><\/p>\n\n\n\n<p>O presidente Gustavo Montezano informou que j\u00e1 visitou a regi\u00e3o do Jalap\u00e3o e que est\u00e3o previstos di\u00e1logos com o poder p\u00fablico local e as comunidades quilombolas e tradicionais do entorno da \u00e1rea de concess\u00e3o. Explicou, ainda, que com o aumento do n\u00famero de visitantes, a expectativa \u00e9 de que a comunidade seja beneficiada cada vez mais, j\u00e1 que um percentual da arrecada\u00e7\u00e3o ser\u00e1 revertido para uma esp\u00e9cie de fundo a ser criado em benef\u00edcio das comunidades. \u201cQuanto mais visita\u00e7\u00f5es, mais a comunidade vai receber por meio de a\u00e7\u00f5es de capacita\u00e7\u00f5es e outras a\u00e7\u00f5es\u201d, pontuou.<\/p>\n\n\n\n<p>Quanto aos empreendimentos j\u00e1 existentes na regi\u00e3o, Gustavo Montezano destacou que o processo de concess\u00e3o dos servi\u00e7os tur\u00edsticos no PEJ n\u00e3o faria sentido, se n\u00e3o fosse para ampliar ainda mais a participa\u00e7\u00e3o das pessoas da localidade na cadeia de neg\u00f3cios, que \u00e9 fomentada pelo projeto, gerando desenvolvimento social e econ\u00f4mico na regi\u00e3o.<\/p>\n\n\n\n<p>O presidente do BNDES enfatizou que a institui\u00e7\u00e3o n\u00e3o possui participa\u00e7\u00e3o financeira no projeto, mas somente desempenha um papel t\u00e9cnico, auxiliando o Estado e as prefeituras a fazerem a modelagem do ativo. \u201cUm projeto requer conhecimento t\u00e9cnico, tempo, articula\u00e7\u00e3o e envolvimento da sociedade e o Banco est\u00e1 se posicionando como algu\u00e9m que atua com esses servi\u00e7os, para apoiar o Tocantins a ter os melhores resultados na concess\u00e3o do ativo\u201d, explicou.<\/p>\n\n\n\n<p>O governador Mauro Carlesse ressaltou que os frutos da parceria com o BNDES resultar\u00e3o em benef\u00edcios para o Estado do Tocantins e para o povo tocantinense. \u201cLugares como o nosso Jalap\u00e3o, o nosso Cant\u00e3o e a Ilha do Bananal precisam ser conhecidos pelo mundo. Isso s\u00f3 vai trazer benef\u00edcios \u00e0quelas comunidades. Quem tem interesse e vis\u00e3o comunit\u00e1ria do projeto est\u00e1 ajudando a viabilizar, porque vai melhorar a vida de todo mundo. Imaginem os hot\u00e9is de Palmas, da regi\u00e3o do Jalap\u00e3o e os restaurantes. At\u00e9 as crian\u00e7as que n\u00e3o t\u00eam oportunidades hoje e v\u00e3o poder cursar uma faculdade de Turismo, por exemplo. \u00c9 isso que queremos\u201d, ressaltou.<\/p>\n\n\n\n<p><strong>Presen\u00e7as<\/strong><\/p>\n\n\n\n<p>A reuni\u00e3o contou com a presen\u00e7a do vice-governador Wanderlei Barbosa; do presidente da Assembleia Legislativa, Antonio Andrade; do presidente do Tribunal de Contas, Napole\u00e3o Sobrinho; da defensora p\u00fablica-geral do Estado, Estellamaris Postal; do presidente da Federa\u00e7\u00e3o das Ind\u00fastrias do Estado do Tocantins, Roberto Pires; do vice-presidente da Federa\u00e7\u00e3o de Com\u00e9rcio de Bens, Servi\u00e7os e Turismo do Tocantins, Romeu Capra; do presidente da Federa\u00e7\u00e3o das Associa\u00e7\u00f5es Comerciais e Empresariais do Tocantins, Fabiano do Vale; do superintendente do BNDES, Pedro Bruno; do deputado federal Carlos Gaguim; de secret\u00e1rios de Estado e outras autoridades.<\/p>\n\n\n\n<figure class=\"wp-block-image\"><img src=\"https:\/\/central.to.gov.br\/image\/263030?w=565&amp;h=349\" alt=\"\"\/><\/figure>\n\n\n\n<p>Presidente do BNDES, Gustavo Montezano, afirmou que os projetos do Programa de Concess\u00e3o de Unidades de Conserva\u00e7\u00e3o da institui\u00e7\u00e3o levam em conta os pilares da preserva\u00e7\u00e3o ambiental, turismo sustent\u00e1vel, gera\u00e7\u00e3o de renda e o desenvolvimento regional &#8211; Esequias Ara\u00fajo\/Governo do Tocantins<\/p>\n\n\n\n<figure class=\"wp-block-image\"><img src=\"https:\/\/central.to.gov.br\/image\/263031?w=565&amp;h=349\" alt=\"\"\/><\/figure>\n\n\n\n<p>Governador Mauro Carlesse ressaltou que os frutos da parceria com o BNDES resultar\u00e3o em benef\u00edcios para o Estado do Tocantins e para o povo tocantinense &#8211; Washington Luiz\/Governo do Tocantins<\/p>\n\n\n\n<figure class=\"wp-block-image\"><img src=\"https:\/\/central.to.gov.br\/image\/263032?w=565&amp;h=349\" alt=\"\"\/><\/figure>\n\n\n\n<p>Governo do Tocantins apresenta programa Tocando em Frente \u00e0 executivos do BNDES, com perspectiva de retomada do crescimento econ\u00f4mico do Estado no per\u00edodo p\u00f3s-pandemia &#8211; Washington Luiz\/Governo do Tocantins<\/p>\n\n\n\n<figure class=\"wp-block-image\"><img src=\"https:\/\/central.to.gov.br\/image\/263033?w=565&amp;h=349\" alt=\"\"\/><\/figure>\n\n\n\n<p>Reuni\u00e3o com executivos do BNDES discutiu estrat\u00e9gias de desenvolvimento social e econ\u00f4mico do Tocantins, al\u00e9m do projeto que prev\u00ea a concess\u00e3o dos servi\u00e7os de turismo em parques estaduais &#8211; Washington Luiz\/Governo do Tocantins\n\n<\/p>\n","protected":false},"excerpt":{"rendered":"<p>O governador do Estado do Tocantins, Mauro Carlesse, recebeu nesta segunda-feira, 20, no Pal\u00e1cio Araguaia, executivos do Banco Nacional de Desenvolvimento Econ\u00f4mico e Social (BNDES), liderados pelo presidente da institui\u00e7\u00e3o, Gustavo Henrique Montezano. O objetivo foi discutir estrat\u00e9gias de desenvolvimento social e econ\u00f4mico da regi\u00e3o, al\u00e9m do projeto que prev\u00ea a concess\u00e3o dos servi\u00e7os de [&hellip;]<\/p>\n","protected":false},"author":2,"featured_media":9438,"comment_status":"open","ping_status":"open","sticky":false,"template":"","format":"standard","meta":[],"categories":[3],"tags":[13],"_links":{"self":[{"href":"https:\/\/dgospel.com.br\/portal\/index.php\/wp-json\/wp\/v2\/posts\/9437"}],"collection":[{"href":"https:\/\/dgospel.com.br\/portal\/index.php\/wp-json\/wp\/v2\/posts"}],"about":[{"href":"https:\/\/dgospel.com.br\/portal\/index.php\/wp-json\/wp\/v2\/types\/post"}],"author":[{"embeddable":true,"href":"https:\/\/dgospel.com.br\/portal\/index.php\/wp-json\/wp\/v2\/users\/2"}],"replies":[{"embeddable":true,"href":"https:\/\/dgospel.com.br\/portal\/index.php\/wp-json\/wp\/v2\/comments?post=9437"}],"version-history":[{"count":1,"href":"https:\/\/dgospel.com.br\/portal\/index.php\/wp-json\/wp\/v2\/posts\/9437\/revisions"}],"predecessor-version":[{"id":9439,"href":"https:\/\/dgospel.com.br\/portal\/index.php\/wp-json\/wp\/v2\/posts\/9437\/revisions\/9439"}],"wp:featuredmedia":[{"embeddable":true,"href":"https:\/\/dgospel.com.br\/portal\/index.php\/wp-json\/wp\/v2\/media\/9438"}],"wp:attachment":[{"href":"https:\/\/dgospel.com.br\/portal\/index.php\/wp-json\/wp\/v2\/media?parent=9437"}],"wp:term":[{"taxonomy":"category","embeddable":true,"href":"https:\/\/dgospel.com.br\/portal\/index.php\/wp-json\/wp\/v2\/categories?post=9437"},{"taxonomy":"post_tag","embeddable":true,"href":"https:\/\/dgospel.com.br\/portal\/index.php\/wp-json\/wp\/v2\/tags?post=9437"}],"curies":[{"name":"wp","href":"https:\/\/api.w.org\/{rel}","templated":true}]}}