{"id":9443,"date":"2021-09-21T11:05:42","date_gmt":"2021-09-21T14:05:42","guid":{"rendered":"http:\/\/dgospel.com.br\/portal\/?p=9443"},"modified":"2021-09-21T11:05:44","modified_gmt":"2021-09-21T14:05:44","slug":"policia-civil-prende-suspeito-de-feminicidio-em-motel-de-palmas","status":"publish","type":"post","link":"https:\/\/dgospel.com.br\/portal\/index.php\/2021\/09\/21\/policia-civil-prende-suspeito-de-feminicidio-em-motel-de-palmas\/","title":{"rendered":"Pol\u00edcia Civil prende suspeito de feminic\u00eddio em motel de Palmas"},"content":{"rendered":"\n<p>A Pol\u00edcia Civil do Tocantins (PC-TO) prendeu, no final da tarde dessa segunda-feira, 20, o suspeito de matar a jovem Marcela da Silva Soares, 19 anos, em um motel de Palmas. O crime ocorreu na noite do \u00faltimo domingo, 19. O indiv\u00edduo, de 21 anos, confessou o crime e com ele foi encontrado o celular da v\u00edtima.<\/p>\n\n\n\n<p>A a\u00e7\u00e3o foi coordenada pela 1\u00aa Divis\u00e3o Especializada de Homic\u00eddios e Prote\u00e7\u00e3o \u00e0 Pessoa (DHPP &#8211; Palmas), o homem foi preso em Porto Nacional na resid\u00eancia de familiares. Segundo informou o delegado Guido Camilo, chefe da DHPP &#8211; Palmas, o suspeito foi preso por volta das 18 horas. \u201cEle se encontrava na resid\u00eancia de um familiar, foi surpreendido e n\u00e3o esbo\u00e7ou nenhuma rea\u00e7\u00e3o. Com ele foi encontrado o celular da v\u00edtima e confessou o crime\u201d, ressaltou a autoridade policial.<\/p>\n\n\n\n<p>O crime ocorreu em um motel na marginal da TO-050, no setor S\u00f4nia Regina, regi\u00e3o sul de Palmas. O homem era ex-namorado da v\u00edtima e j\u00e1 responde por outro homic\u00eddio. Ap\u00f3s a pris\u00e3o, o suspeito de feminic\u00eddio foi levado para a Central de Flagrantes de Porto Nacional.<\/p>\n","protected":false},"excerpt":{"rendered":"<p>A Pol\u00edcia Civil do Tocantins (PC-TO) prendeu, no final da tarde dessa segunda-feira, 20, o suspeito de matar a jovem Marcela da Silva Soares, 19 anos, em um motel de Palmas. O crime ocorreu na noite do \u00faltimo domingo, 19. O indiv\u00edduo, de 21 anos, confessou o crime e com ele foi encontrado o celular [&hellip;]<\/p>\n","protected":false},"author":2,"featured_media":9444,"comment_status":"open","ping_status":"open","sticky":false,"template":"","format":"standard","meta":[],"categories":[3],"tags":[],"_links":{"self":[{"href":"https:\/\/dgospel.com.br\/portal\/index.php\/wp-json\/wp\/v2\/posts\/9443"}],"collection":[{"href":"https:\/\/dgospel.com.br\/portal\/index.php\/wp-json\/wp\/v2\/posts"}],"about":[{"href":"https:\/\/dgospel.com.br\/portal\/index.php\/wp-json\/wp\/v2\/types\/post"}],"author":[{"embeddable":true,"href":"https:\/\/dgospel.com.br\/portal\/index.php\/wp-json\/wp\/v2\/users\/2"}],"replies":[{"embeddable":true,"href":"https:\/\/dgospel.com.br\/portal\/index.php\/wp-json\/wp\/v2\/comments?post=9443"}],"version-history":[{"count":1,"href":"https:\/\/dgospel.com.br\/portal\/index.php\/wp-json\/wp\/v2\/posts\/9443\/revisions"}],"predecessor-version":[{"id":9445,"href":"https:\/\/dgospel.com.br\/portal\/index.php\/wp-json\/wp\/v2\/posts\/9443\/revisions\/9445"}],"wp:featuredmedia":[{"embeddable":true,"href":"https:\/\/dgospel.com.br\/portal\/index.php\/wp-json\/wp\/v2\/media\/9444"}],"wp:attachment":[{"href":"https:\/\/dgospel.com.br\/portal\/index.php\/wp-json\/wp\/v2\/media?parent=9443"}],"wp:term":[{"taxonomy":"category","embeddable":true,"href":"https:\/\/dgospel.com.br\/portal\/index.php\/wp-json\/wp\/v2\/categories?post=9443"},{"taxonomy":"post_tag","embeddable":true,"href":"https:\/\/dgospel.com.br\/portal\/index.php\/wp-json\/wp\/v2\/tags?post=9443"}],"curies":[{"name":"wp","href":"https:\/\/api.w.org\/{rel}","templated":true}]}}