{"id":9449,"date":"2021-09-21T11:59:42","date_gmt":"2021-09-21T14:59:42","guid":{"rendered":"http:\/\/dgospel.com.br\/portal\/?p=9449"},"modified":"2021-09-21T11:59:44","modified_gmt":"2021-09-21T14:59:44","slug":"onu-bolsonaro-diz-que-acredita-em-deus-e-valoriza-a-familia","status":"publish","type":"post","link":"https:\/\/dgospel.com.br\/portal\/index.php\/2021\/09\/21\/onu-bolsonaro-diz-que-acredita-em-deus-e-valoriza-a-familia\/","title":{"rendered":"ONU: Bolsonaro diz que acredita em Deus e valoriza a fam\u00edlia"},"content":{"rendered":"\n<p> O presidente Jair Bolsonaro discursou na abertura oficial da 76\u00aa Assembleia-Geral da Organiza\u00e7\u00e3o das Na\u00e7\u00f5es Unidas, nesta ter\u00e7a-feira (21), que acontece em Nova Iorque, nos Estados Unidos. <\/p>\n\n\n\n<p>\u2013 O Brasil tem um presidente que acredita em Deus, respeita a Constitui\u00e7\u00e3o, valoriza a fam\u00edlia e deve lealdade ao seu povo. Isso \u00e9 muito. \u00c9 uma s\u00f3lida base, se levarmos em conta que est\u00e1vamos \u00e0 beira do socialismo \u2013 disse no in\u00edcio do discurso.<\/p>\n\n\n\n<p>O l\u00edder tamb\u00e9m brasileiro falou sobre os esfor\u00e7os em tornar o Brasil um polo de investimentos atraente para os estrangeiros e sobre a pol\u00edtica de preserva\u00e7\u00e3o ambiental do Brasil, que segundo ele, deveria servir de \u201cexemplo para o mundo\u201d. Bolsonaro tamb\u00e9m convidou os l\u00edderes mundiais a visitar a Amaz\u00f4nia.<\/p>\n\n\n\n<p>Bolsonaro lamentou as mortes causadas pela Covid-19 e citou o trabalho do governo durante a pandemia.<\/p>\n\n\n\n<p>\u2013 Sempre defendi combater o v\u00edrus e o desemprego de forma simult\u00e2nea e com a mesma responsabilidade. As medidas de isolamento e lockdown deixaram um legado de infla\u00e7\u00e3o, em especial, nos g\u00eaneros aliment\u00edcios no mundo todo \u2013 disse.<\/p>\n\n\n\n<p>Ele tamb\u00e9m reclamou da obrigatoriedade da vacina\u00e7\u00e3o.<\/p>\n\n\n\n<p>\u2013 Apoiamos a vacina\u00e7\u00e3o, contudo o nosso governo tem se posicionado contr\u00e1rio ao passaporte sanit\u00e1rio ou a qualquer obriga\u00e7\u00e3o relacionada a vacina. Desde o in\u00edcio da pandemia, apoiamos a autonomia do m\u00e9dico na busca do tratamento precoce, seguindo recomenda\u00e7\u00e3o do nosso Conselho Federal de Medicina \u2013 afirmou.<\/p>\n\n\n\n<p>Antes do discurso de Bolsonaro, o secret\u00e1rio-geral da ONU, Ant\u00f3nio Guterres, defendeu a a necessidade de \u201cum plano global de vacinas\u201d. Guterres pregou que os pa\u00edses mais ricos devem ajudar e financiar o envio de vacinas para pa\u00edses mais pobres.<\/p>\n\n\n\n<p>Bolsonaro chegou ao encontro de l\u00edderes acompanhado pela primeira-dama, Michele Bolsonaro, e do seu filho, o deputado federal Eduardo Bolsonaro (PSL-SP), al\u00e9m de ministros de Estado, como Marcelo Queiroga (Sa\u00fade), Augusto Heleno (GSI) e Anderson Torres (Justi\u00e7a).<\/p>\n","protected":false},"excerpt":{"rendered":"<p>O presidente Jair Bolsonaro discursou na abertura oficial da 76\u00aa Assembleia-Geral da Organiza\u00e7\u00e3o das Na\u00e7\u00f5es Unidas, nesta ter\u00e7a-feira (21), que acontece em Nova Iorque, nos Estados Unidos. \u2013 O Brasil tem um presidente que acredita em Deus, respeita a Constitui\u00e7\u00e3o, valoriza a fam\u00edlia e deve lealdade ao seu povo. Isso \u00e9 muito. \u00c9 uma s\u00f3lida [&hellip;]<\/p>\n","protected":false},"author":2,"featured_media":9450,"comment_status":"open","ping_status":"open","sticky":false,"template":"","format":"standard","meta":[],"categories":[4],"tags":[13],"_links":{"self":[{"href":"https:\/\/dgospel.com.br\/portal\/index.php\/wp-json\/wp\/v2\/posts\/9449"}],"collection":[{"href":"https:\/\/dgospel.com.br\/portal\/index.php\/wp-json\/wp\/v2\/posts"}],"about":[{"href":"https:\/\/dgospel.com.br\/portal\/index.php\/wp-json\/wp\/v2\/types\/post"}],"author":[{"embeddable":true,"href":"https:\/\/dgospel.com.br\/portal\/index.php\/wp-json\/wp\/v2\/users\/2"}],"replies":[{"embeddable":true,"href":"https:\/\/dgospel.com.br\/portal\/index.php\/wp-json\/wp\/v2\/comments?post=9449"}],"version-history":[{"count":1,"href":"https:\/\/dgospel.com.br\/portal\/index.php\/wp-json\/wp\/v2\/posts\/9449\/revisions"}],"predecessor-version":[{"id":9451,"href":"https:\/\/dgospel.com.br\/portal\/index.php\/wp-json\/wp\/v2\/posts\/9449\/revisions\/9451"}],"wp:featuredmedia":[{"embeddable":true,"href":"https:\/\/dgospel.com.br\/portal\/index.php\/wp-json\/wp\/v2\/media\/9450"}],"wp:attachment":[{"href":"https:\/\/dgospel.com.br\/portal\/index.php\/wp-json\/wp\/v2\/media?parent=9449"}],"wp:term":[{"taxonomy":"category","embeddable":true,"href":"https:\/\/dgospel.com.br\/portal\/index.php\/wp-json\/wp\/v2\/categories?post=9449"},{"taxonomy":"post_tag","embeddable":true,"href":"https:\/\/dgospel.com.br\/portal\/index.php\/wp-json\/wp\/v2\/tags?post=9449"}],"curies":[{"name":"wp","href":"https:\/\/api.w.org\/{rel}","templated":true}]}}