{"id":9456,"date":"2021-09-22T17:14:19","date_gmt":"2021-09-22T20:14:19","guid":{"rendered":"http:\/\/dgospel.com.br\/portal\/?p=9456"},"modified":"2021-09-22T17:14:20","modified_gmt":"2021-09-22T20:14:20","slug":"cpi-omite-data-e-usa-dados-de-2017-para-questionar-depoente","status":"publish","type":"post","link":"https:\/\/dgospel.com.br\/portal\/index.php\/2021\/09\/22\/cpi-omite-data-e-usa-dados-de-2017-para-questionar-depoente\/","title":{"rendered":"CPI omite data e usa dados de 2017 para questionar depoente"},"content":{"rendered":"\n<p> Os senadores da Comiss\u00e3o Parlamentar de Inqu\u00e9rito (CPI) da Covid questionaram na sess\u00e3o desta quarta-feira (22), o diretor-executivo da operadora de Sa\u00fade Prevent Senior, Pedro Benedito Batista J\u00fanior, sobre mensagens de 2017, mas n\u00e3o citaram que as mensagens eram antigas. <\/p>\n\n\n\n<p> Os senadores tentavam provar que a empresa pressionava os m\u00e9dicos a aplicar o tratamento precoce, sob risco, inclusive, de demiss\u00e3o. Diante das negativas do depoente, exibiram uma s\u00e9rie de mensagens veiculadas em um grupo de WhatsApp da empresa. <\/p>\n\n\n\n<p>Os parlamentares exibiram a seguinte mensagem: \u201cEstamos aqui para trabalhar, n\u00e3o bater meta, ent\u00e3o vamos fazer o que deve ser feito. Todos somos avaliados diariamente pelo nosso trabalho. Aqueles que insistirem em n\u00e3o preencher o perfil v\u00e3o perder espa\u00e7o na empresa. Obrigado e conto com a colabora\u00e7\u00e3o de voc\u00eas\u201d. Outra mensagem mencionada dizia: \u201cAten\u00e7\u00e3o, plantonistas, agilizem atendimento! N\u00e3o deixem o tempo estourar!\u201d<\/p>\n\n\n\n<p>O senador Humberto Costa citou as mensagens para tentar estabelecer uma rela\u00e7\u00e3o entre elas e a acusa\u00e7\u00e3o.<\/p>\n\n\n\n<p>\u2013 A\u00ed um deles [plantonistas] diz: \u201cConcordo plenamente, mas amea\u00e7as deixam o clima meio anti\u00e9tico\u2026 De qualquer forma, vamos sim redobrar os esfor\u00e7os\u201d. Ou seja, havia uma press\u00e3o \u2013 disse o senador.<\/p>\n\n\n\n<p>Imediatamente, o diretor da empresa apontou que as mensagens eram de 2017, mas foi ignorado pelos senadores.<\/p>\n\n\n\n<p>\u2013 Por favor. T\u00e1, elas [as mensagens] s\u00e3o de 2017, elas n\u00e3o s\u00e3o desse momento \u2013 apelou Batista.<\/p>\n\n\n\n<p>Tentando mudar de assunto, o senador voltou a pressionar o depoente.<\/p>\n\n\n\n<p>\u2013 Quantos profissionais foram demitidos por se recusarem a aplicar esse tratamento precoce? \u2013 questionou, logo antes de Batista responder que nenhum funcion\u00e1rio foi demitido por este motivo.<\/p>\n\n\n\n<p>Dados de 2017 tamb\u00e9m foram utilizados pelos senadores Randolfe Rodrigues e Renan Calheiros.<\/p>\n","protected":false},"excerpt":{"rendered":"<p>Os senadores da Comiss\u00e3o Parlamentar de Inqu\u00e9rito (CPI) da Covid questionaram na sess\u00e3o desta quarta-feira (22), o diretor-executivo da operadora de Sa\u00fade Prevent Senior, Pedro Benedito Batista J\u00fanior, sobre mensagens de 2017, mas n\u00e3o citaram que as mensagens eram antigas. Os senadores tentavam provar que a empresa pressionava os m\u00e9dicos a aplicar o tratamento precoce, [&hellip;]<\/p>\n","protected":false},"author":2,"featured_media":9457,"comment_status":"open","ping_status":"open","sticky":false,"template":"","format":"standard","meta":[],"categories":[8,4],"tags":[],"_links":{"self":[{"href":"https:\/\/dgospel.com.br\/portal\/index.php\/wp-json\/wp\/v2\/posts\/9456"}],"collection":[{"href":"https:\/\/dgospel.com.br\/portal\/index.php\/wp-json\/wp\/v2\/posts"}],"about":[{"href":"https:\/\/dgospel.com.br\/portal\/index.php\/wp-json\/wp\/v2\/types\/post"}],"author":[{"embeddable":true,"href":"https:\/\/dgospel.com.br\/portal\/index.php\/wp-json\/wp\/v2\/users\/2"}],"replies":[{"embeddable":true,"href":"https:\/\/dgospel.com.br\/portal\/index.php\/wp-json\/wp\/v2\/comments?post=9456"}],"version-history":[{"count":1,"href":"https:\/\/dgospel.com.br\/portal\/index.php\/wp-json\/wp\/v2\/posts\/9456\/revisions"}],"predecessor-version":[{"id":9458,"href":"https:\/\/dgospel.com.br\/portal\/index.php\/wp-json\/wp\/v2\/posts\/9456\/revisions\/9458"}],"wp:featuredmedia":[{"embeddable":true,"href":"https:\/\/dgospel.com.br\/portal\/index.php\/wp-json\/wp\/v2\/media\/9457"}],"wp:attachment":[{"href":"https:\/\/dgospel.com.br\/portal\/index.php\/wp-json\/wp\/v2\/media?parent=9456"}],"wp:term":[{"taxonomy":"category","embeddable":true,"href":"https:\/\/dgospel.com.br\/portal\/index.php\/wp-json\/wp\/v2\/categories?post=9456"},{"taxonomy":"post_tag","embeddable":true,"href":"https:\/\/dgospel.com.br\/portal\/index.php\/wp-json\/wp\/v2\/tags?post=9456"}],"curies":[{"name":"wp","href":"https:\/\/api.w.org\/{rel}","templated":true}]}}