{"id":9465,"date":"2021-09-23T21:53:44","date_gmt":"2021-09-24T00:53:44","guid":{"rendered":"http:\/\/dgospel.com.br\/portal\/?p=9465"},"modified":"2021-09-24T23:06:39","modified_gmt":"2021-09-25T02:06:39","slug":"aprovado-pl-de-autoria-do-vereador-rubens-uchoa-que-institui-o-dia-do-socorrista-do-samu","status":"publish","type":"post","link":"https:\/\/dgospel.com.br\/portal\/index.php\/2021\/09\/23\/aprovado-pl-de-autoria-do-vereador-rubens-uchoa-que-institui-o-dia-do-socorrista-do-samu\/","title":{"rendered":"Aprovado PL de autoria do vereador Rubens Uch\u00f4a que institui o dia do socorrista do SAMU"},"content":{"rendered":"\n<p>Rubens Uch\u00f4a, presidente interino teve a aprova\u00e7\u00e3o do projeto de lei\n317\/2021 em primeiro turno de vota\u00e7\u00e3o, durante sess\u00e3o ordin\u00e1ria realizada nesta\nquarta-feira, dia 22 de setembro. <\/p>\n\n\n\n<p>O projeto de lei tem intuito de enaltecer e valorizar o trabalho\ndesempenhado pelos socorristas do Servi\u00e7o de Atendimento M\u00f3vel de Urg\u00eancia da\ncidade de Palmas.<\/p>\n\n\n\n<p>No projeto de lei o nobre vereador pediu para que seja inclu\u00eddo no\ncalend\u00e1rio municipal o dia do socorrista do SAMU, com a proposta de homenagear\npelo brilhantismo servi\u00e7o de relev\u00e2ncia social que \u00e9 o trabalho de salvar\nvidas.<\/p>\n\n\n\n<p>O presidente destacou ainda, o quanto \u00e9 gratificante poder valorizar os profissionais da sa\u00fade e parabenizou todos os que se dedicam no salvamento de vidas. <\/p>\n\n\n\n<p>Ascom  Ver. Rubens Uch\u00f4a <\/p>\n","protected":false},"excerpt":{"rendered":"<p>Rubens Uch\u00f4a, presidente interino teve a aprova\u00e7\u00e3o do projeto de lei 317\/2021 em primeiro turno de vota\u00e7\u00e3o, durante sess\u00e3o ordin\u00e1ria realizada nesta quarta-feira, dia 22 de setembro. O projeto de lei tem intuito de enaltecer e valorizar o trabalho desempenhado pelos socorristas do Servi\u00e7o de Atendimento M\u00f3vel de Urg\u00eancia da cidade de Palmas. No projeto [&hellip;]<\/p>\n","protected":false},"author":2,"featured_media":9466,"comment_status":"open","ping_status":"open","sticky":false,"template":"","format":"standard","meta":[],"categories":[8],"tags":[],"_links":{"self":[{"href":"https:\/\/dgospel.com.br\/portal\/index.php\/wp-json\/wp\/v2\/posts\/9465"}],"collection":[{"href":"https:\/\/dgospel.com.br\/portal\/index.php\/wp-json\/wp\/v2\/posts"}],"about":[{"href":"https:\/\/dgospel.com.br\/portal\/index.php\/wp-json\/wp\/v2\/types\/post"}],"author":[{"embeddable":true,"href":"https:\/\/dgospel.com.br\/portal\/index.php\/wp-json\/wp\/v2\/users\/2"}],"replies":[{"embeddable":true,"href":"https:\/\/dgospel.com.br\/portal\/index.php\/wp-json\/wp\/v2\/comments?post=9465"}],"version-history":[{"count":2,"href":"https:\/\/dgospel.com.br\/portal\/index.php\/wp-json\/wp\/v2\/posts\/9465\/revisions"}],"predecessor-version":[{"id":9483,"href":"https:\/\/dgospel.com.br\/portal\/index.php\/wp-json\/wp\/v2\/posts\/9465\/revisions\/9483"}],"wp:featuredmedia":[{"embeddable":true,"href":"https:\/\/dgospel.com.br\/portal\/index.php\/wp-json\/wp\/v2\/media\/9466"}],"wp:attachment":[{"href":"https:\/\/dgospel.com.br\/portal\/index.php\/wp-json\/wp\/v2\/media?parent=9465"}],"wp:term":[{"taxonomy":"category","embeddable":true,"href":"https:\/\/dgospel.com.br\/portal\/index.php\/wp-json\/wp\/v2\/categories?post=9465"},{"taxonomy":"post_tag","embeddable":true,"href":"https:\/\/dgospel.com.br\/portal\/index.php\/wp-json\/wp\/v2\/tags?post=9465"}],"curies":[{"name":"wp","href":"https:\/\/api.w.org\/{rel}","templated":true}]}}