{"id":9474,"date":"2021-09-24T10:56:43","date_gmt":"2021-09-24T13:56:43","guid":{"rendered":"http:\/\/dgospel.com.br\/portal\/?p=9474"},"modified":"2021-09-24T10:56:45","modified_gmt":"2021-09-24T13:56:45","slug":"stf-proibe-ida-de-missionarios-a-terras-indigenas-a-pedido-do-pt","status":"publish","type":"post","link":"https:\/\/dgospel.com.br\/portal\/index.php\/2021\/09\/24\/stf-proibe-ida-de-missionarios-a-terras-indigenas-a-pedido-do-pt\/","title":{"rendered":"STF pro\u00edbe ida de mission\u00e1rios a terras ind\u00edgenas a pedido do PT"},"content":{"rendered":"\n<p> O ministro do Supremo Tribunal Federal (STF) Lu\u00eds Roberto Barroso proibiu nesta quinta-feira (23) que mission\u00e1rios religiosos entrem em terras de povos ind\u00edgenas isolados durante a pandemia da Covid-19. A decis\u00e3o do magistrado atende parcialmente a um pedido feito pelo Partido dos Trabalhadores (PT) e pela Articula\u00e7\u00e3o dos Povos Ind\u00edgenas do Brasil (Apib). <\/p>\n\n\n\n<p> A entrada de terceiros nessas \u00e1reas j\u00e1 estava vedada desde o ano passado, mas o ministro deferiu o pedido para explicitar a proibi\u00e7\u00e3o das miss\u00f5es religiosas. <\/p>\n\n\n\n<p>\u2013 Defiro parcialmente a cautelar para explicitar o impedimento de ingressos de miss\u00f5es religiosas em terras ind\u00edgenas de povos isolados, com base em seu direito \u00e0 vida e \u00e0 sa\u00fade, conforme decis\u00e3o j\u00e1 proferida na ADPF 709 \u2013 declarou Barroso em sua decis\u00e3o.<\/p>\n\n\n\n<p>O ministro assinalou que a determina\u00e7\u00e3o vale apenas para novas miss\u00f5es que n\u00e3o est\u00e3o presentes nesses locais. Os mission\u00e1rios que j\u00e1 estiverem presentes nas tribos poder\u00e3o permanecer.<\/p>\n\n\n\n<p>\u2013 A urg\u00eancia manifestada pelos requerentes, em sede cautelar, tem estrita rela\u00e7\u00e3o com o risco de cont\u00e1gio e, nesse sentido, parece se relacionar mais imediatamente com o ingresso de novas miss\u00f5es religiosas, e n\u00e3o com a sua perman\u00eancia, uma vez que, se elas j\u00e1 se encontravam em tais \u00e1reas, j\u00e1 tiveram contato com ind\u00edgenas, e o dano que poderia ter ocorrido, ao que tudo indica, n\u00e3o se consumou \u2013 disse Barroso.<\/p>\n","protected":false},"excerpt":{"rendered":"<p>O ministro do Supremo Tribunal Federal (STF) Lu\u00eds Roberto Barroso proibiu nesta quinta-feira (23) que mission\u00e1rios religiosos entrem em terras de povos ind\u00edgenas isolados durante a pandemia da Covid-19. A decis\u00e3o do magistrado atende parcialmente a um pedido feito pelo Partido dos Trabalhadores (PT) e pela Articula\u00e7\u00e3o dos Povos Ind\u00edgenas do Brasil (Apib). A entrada [&hellip;]<\/p>\n","protected":false},"author":2,"featured_media":9475,"comment_status":"open","ping_status":"open","sticky":false,"template":"","format":"standard","meta":[],"categories":[5],"tags":[14],"_links":{"self":[{"href":"https:\/\/dgospel.com.br\/portal\/index.php\/wp-json\/wp\/v2\/posts\/9474"}],"collection":[{"href":"https:\/\/dgospel.com.br\/portal\/index.php\/wp-json\/wp\/v2\/posts"}],"about":[{"href":"https:\/\/dgospel.com.br\/portal\/index.php\/wp-json\/wp\/v2\/types\/post"}],"author":[{"embeddable":true,"href":"https:\/\/dgospel.com.br\/portal\/index.php\/wp-json\/wp\/v2\/users\/2"}],"replies":[{"embeddable":true,"href":"https:\/\/dgospel.com.br\/portal\/index.php\/wp-json\/wp\/v2\/comments?post=9474"}],"version-history":[{"count":1,"href":"https:\/\/dgospel.com.br\/portal\/index.php\/wp-json\/wp\/v2\/posts\/9474\/revisions"}],"predecessor-version":[{"id":9476,"href":"https:\/\/dgospel.com.br\/portal\/index.php\/wp-json\/wp\/v2\/posts\/9474\/revisions\/9476"}],"wp:featuredmedia":[{"embeddable":true,"href":"https:\/\/dgospel.com.br\/portal\/index.php\/wp-json\/wp\/v2\/media\/9475"}],"wp:attachment":[{"href":"https:\/\/dgospel.com.br\/portal\/index.php\/wp-json\/wp\/v2\/media?parent=9474"}],"wp:term":[{"taxonomy":"category","embeddable":true,"href":"https:\/\/dgospel.com.br\/portal\/index.php\/wp-json\/wp\/v2\/categories?post=9474"},{"taxonomy":"post_tag","embeddable":true,"href":"https:\/\/dgospel.com.br\/portal\/index.php\/wp-json\/wp\/v2\/tags?post=9474"}],"curies":[{"name":"wp","href":"https:\/\/api.w.org\/{rel}","templated":true}]}}