{"id":9488,"date":"2021-09-24T23:25:31","date_gmt":"2021-09-25T02:25:31","guid":{"rendered":"http:\/\/dgospel.com.br\/portal\/?p=9488"},"modified":"2021-09-24T23:25:33","modified_gmt":"2021-09-25T02:25:33","slug":"vereador-rubens-uchoa-informa-sobre-a-titularizacao-de-casas-do-irma-dulce","status":"publish","type":"post","link":"https:\/\/dgospel.com.br\/portal\/index.php\/2021\/09\/24\/vereador-rubens-uchoa-informa-sobre-a-titularizacao-de-casas-do-irma-dulce\/","title":{"rendered":"Vereador Rubens Uch\u00f4a informa sobre a titulariza\u00e7\u00e3o de casas do Irm\u00e3 Dulce"},"content":{"rendered":"\n<p>Rubens Uchoa, presidente interino da c\u00e2mara de Palmas,\ninformou na noite dessa sexta feira&nbsp; 24,\nsobre titulariza\u00e7\u00e3o das propriedades do setor Irm\u00e3 Dulce.<\/p>\n\n\n\n<p>Segundo o parlamentar a prefeita Cinthia Ribeiro, informou\nque alguns moradores do setor Irm\u00e3 Dulce receber\u00e3o at\u00e9 o final deste ano suas\ntitularidades. <\/p>\n\n\n\n<p>O nobre presidente utilizou suas redes sociais para trazer\nessa not\u00edcia aos moradores daquela regi\u00e3o que a muitos anos anseiam por esse momento.\n<\/p>\n\n\n\n<p>Ascom vereador Rubens Uch\u00f4a<\/p>\n","protected":false},"excerpt":{"rendered":"<p>Rubens Uchoa, presidente interino da c\u00e2mara de Palmas, informou na noite dessa sexta feira&nbsp; 24, sobre titulariza\u00e7\u00e3o das propriedades do setor Irm\u00e3 Dulce. Segundo o parlamentar a prefeita Cinthia Ribeiro, informou que alguns moradores do setor Irm\u00e3 Dulce receber\u00e3o at\u00e9 o final deste ano suas titularidades. O nobre presidente utilizou suas redes sociais para trazer [&hellip;]<\/p>\n","protected":false},"author":2,"featured_media":9227,"comment_status":"open","ping_status":"open","sticky":false,"template":"","format":"standard","meta":[],"categories":[8],"tags":[],"_links":{"self":[{"href":"https:\/\/dgospel.com.br\/portal\/index.php\/wp-json\/wp\/v2\/posts\/9488"}],"collection":[{"href":"https:\/\/dgospel.com.br\/portal\/index.php\/wp-json\/wp\/v2\/posts"}],"about":[{"href":"https:\/\/dgospel.com.br\/portal\/index.php\/wp-json\/wp\/v2\/types\/post"}],"author":[{"embeddable":true,"href":"https:\/\/dgospel.com.br\/portal\/index.php\/wp-json\/wp\/v2\/users\/2"}],"replies":[{"embeddable":true,"href":"https:\/\/dgospel.com.br\/portal\/index.php\/wp-json\/wp\/v2\/comments?post=9488"}],"version-history":[{"count":1,"href":"https:\/\/dgospel.com.br\/portal\/index.php\/wp-json\/wp\/v2\/posts\/9488\/revisions"}],"predecessor-version":[{"id":9489,"href":"https:\/\/dgospel.com.br\/portal\/index.php\/wp-json\/wp\/v2\/posts\/9488\/revisions\/9489"}],"wp:featuredmedia":[{"embeddable":true,"href":"https:\/\/dgospel.com.br\/portal\/index.php\/wp-json\/wp\/v2\/media\/9227"}],"wp:attachment":[{"href":"https:\/\/dgospel.com.br\/portal\/index.php\/wp-json\/wp\/v2\/media?parent=9488"}],"wp:term":[{"taxonomy":"category","embeddable":true,"href":"https:\/\/dgospel.com.br\/portal\/index.php\/wp-json\/wp\/v2\/categories?post=9488"},{"taxonomy":"post_tag","embeddable":true,"href":"https:\/\/dgospel.com.br\/portal\/index.php\/wp-json\/wp\/v2\/tags?post=9488"}],"curies":[{"name":"wp","href":"https:\/\/api.w.org\/{rel}","templated":true}]}}