{"id":9493,"date":"2021-09-25T00:17:12","date_gmt":"2021-09-25T03:17:12","guid":{"rendered":"http:\/\/dgospel.com.br\/portal\/?p=9493"},"modified":"2021-09-25T00:17:14","modified_gmt":"2021-09-25T03:17:14","slug":"ordem-dos-ministros-do-evangelho-de-palmas-promove-cafe-para-pastores","status":"publish","type":"post","link":"https:\/\/dgospel.com.br\/portal\/index.php\/2021\/09\/25\/ordem-dos-ministros-do-evangelho-de-palmas-promove-cafe-para-pastores\/","title":{"rendered":"Ordem dos Ministros do Evangelho de Palmas promove caf\u00e9 para pastores"},"content":{"rendered":"\n<p>A Ordem dos Ministros do Evangelho de Palmas (OMEP)\nrealizou nesta sexta 24\/09 mais um caf\u00e9 com pastores. O evento aconteceu na<strong>&nbsp;<\/strong>Igreja Apost\u00f3lica Nova Alian\u00e7a (IANA),\nliderado pelo Ap\u00f3stolos&nbsp;Ronaldo Souto.<\/p>\n\n\n\n<p>Na oportunidade o anfitri\u00e3o deu boas-vindas aos ministros, fez\numa ora\u00e7\u00e3o e serviu um delicioso caf\u00e9. <\/p>\n\n\n\n<p>Foi um momento precioso de comunh\u00e3o e conversas entre os\nministros e, de muito louvor e adora\u00e7\u00e3o a Deus.<\/p>\n\n\n\n<p>Debaixo de muita gra\u00e7a, os ministros tiveram um excelente\nmomento de intercess\u00e3o pela igreja, por Palmas, pelo Tocantins pelo Brasil.<\/p>\n\n\n\n<p>Na ocasi\u00e3o o mission\u00e1rio Carlos ministrou uma palavra com\nbase no texto de Lucas 22: 44, subordinado ao tema: \u201cuma grande tenta\u00e7\u00e3o \u00e9\nvencida com poder da ora\u00e7\u00e3o; e a pergunta \u00e9, o que voc\u00ea tem feito nos momentos\nde lutas e de tenta\u00e7\u00f5es? \u201d.<\/p>\n\n\n\n<p>&nbsp;\u201cMuitos tem ca\u00eddo\npor causa do abandono a pr\u00e1tica da ora\u00e7\u00e3o. A OMEP continuar\u00e1 com a vis\u00e3o de\ncomunh\u00e3o unidade e ora\u00e7\u00e3o pela fam\u00edlia pastoral e igreja em Palmas\u201d, disse o\nmission\u00e1rio. <\/p>\n\n\n\n<p>Na oportunidade, o mission\u00e1rio Carlos, que tamb\u00e9m \u00e9\npresidente da OMEP, agradeceu ao Apostolo Ronaldo e a Igreja que recebeu a\ntodos os ministros com muito amor, e disse que em outubro ter\u00e1 outra reuni\u00e3o.<\/p>\n","protected":false},"excerpt":{"rendered":"<p>A Ordem dos Ministros do Evangelho de Palmas (OMEP) realizou nesta sexta 24\/09 mais um caf\u00e9 com pastores. O evento aconteceu na&nbsp;Igreja Apost\u00f3lica Nova Alian\u00e7a (IANA), liderado pelo Ap\u00f3stolos&nbsp;Ronaldo Souto. Na oportunidade o anfitri\u00e3o deu boas-vindas aos ministros, fez uma ora\u00e7\u00e3o e serviu um delicioso caf\u00e9. Foi um momento precioso de comunh\u00e3o e conversas entre [&hellip;]<\/p>\n","protected":false},"author":2,"featured_media":9494,"comment_status":"open","ping_status":"open","sticky":false,"template":"","format":"standard","meta":[],"categories":[5],"tags":[],"_links":{"self":[{"href":"https:\/\/dgospel.com.br\/portal\/index.php\/wp-json\/wp\/v2\/posts\/9493"}],"collection":[{"href":"https:\/\/dgospel.com.br\/portal\/index.php\/wp-json\/wp\/v2\/posts"}],"about":[{"href":"https:\/\/dgospel.com.br\/portal\/index.php\/wp-json\/wp\/v2\/types\/post"}],"author":[{"embeddable":true,"href":"https:\/\/dgospel.com.br\/portal\/index.php\/wp-json\/wp\/v2\/users\/2"}],"replies":[{"embeddable":true,"href":"https:\/\/dgospel.com.br\/portal\/index.php\/wp-json\/wp\/v2\/comments?post=9493"}],"version-history":[{"count":1,"href":"https:\/\/dgospel.com.br\/portal\/index.php\/wp-json\/wp\/v2\/posts\/9493\/revisions"}],"predecessor-version":[{"id":9495,"href":"https:\/\/dgospel.com.br\/portal\/index.php\/wp-json\/wp\/v2\/posts\/9493\/revisions\/9495"}],"wp:featuredmedia":[{"embeddable":true,"href":"https:\/\/dgospel.com.br\/portal\/index.php\/wp-json\/wp\/v2\/media\/9494"}],"wp:attachment":[{"href":"https:\/\/dgospel.com.br\/portal\/index.php\/wp-json\/wp\/v2\/media?parent=9493"}],"wp:term":[{"taxonomy":"category","embeddable":true,"href":"https:\/\/dgospel.com.br\/portal\/index.php\/wp-json\/wp\/v2\/categories?post=9493"},{"taxonomy":"post_tag","embeddable":true,"href":"https:\/\/dgospel.com.br\/portal\/index.php\/wp-json\/wp\/v2\/tags?post=9493"}],"curies":[{"name":"wp","href":"https:\/\/api.w.org\/{rel}","templated":true}]}}