{"id":9500,"date":"2021-10-01T11:43:35","date_gmt":"2021-10-01T14:43:35","guid":{"rendered":"http:\/\/dgospel.com.br\/portal\/?p=9500"},"modified":"2021-10-01T11:45:55","modified_gmt":"2021-10-01T14:45:55","slug":"eli-borges-critica-aumento-dos-combustiveis-bandeira-tarifaria-de-energia-e-tarifa-de-agua-desproporcional-para-igrejas","status":"publish","type":"post","link":"https:\/\/dgospel.com.br\/portal\/index.php\/2021\/10\/01\/eli-borges-critica-aumento-dos-combustiveis-bandeira-tarifaria-de-energia-e-tarifa-de-agua-desproporcional-para-igrejas\/","title":{"rendered":"Eli Borges critica aumento dos combust\u00edveis, bandeira tarif\u00e1ria de energia e tarifa de \u00e1gua desproporcional para igrejas"},"content":{"rendered":"\n<p>O posicionamento do deputado federal Eli Borges (Solidariedade-TO) em defesa do consumidor foi destaque nesta quinta-feira (30) no Plen\u00e1rio da C\u00e2mara dos Deputados e na Comiss\u00e3o de Defesa do Consumidor. A \u00eanfase foi na eleva\u00e7\u00e3o dos pre\u00e7os dos combust\u00edveis, as constantes mudan\u00e7as nas cobran\u00e7as de taxas de tarifa de energia e  tamb\u00e9m na tarifa m\u00ednima de \u00e1gua cobrada das igrejas, na mesma propor\u00e7\u00e3o dos estabelecimentos comerciais. <\/p>\n\n\n\n<p>Eli Borges recordou que as bandeiras tarif\u00e1rias s\u00e3o uma cria\u00e7\u00e3o do governo Dilma e acrescentou que \u201cquando criaram as bandeiras, esqueceram que n\u00e3o se criou a diferencia\u00e7\u00e3o de sal\u00e1rio por per\u00edodos do ano para o trabalhador, quem produz tamb\u00e9m n\u00e3o tem diferencia\u00e7\u00e3o de bandeiras em sua renda\u201d, argumentou. <\/p>\n\n\n\n<p>O parlamentar defende que ao inv\u00e9s de impor as bandeiras tarif\u00e1rias, o governo crie uma a\u00e7\u00e3o de conscientiza\u00e7\u00e3o sobre os per\u00edodos cr\u00edticos para a gera\u00e7\u00e3o de energia e transpare\u00e7a as condi\u00e7\u00f5es que elevam os custos na conta paga pelo brasileiro. \u201cO cidad\u00e3o ent\u00e3o conscientizado por uma a\u00e7\u00e3o governamental naturalmente iria gastar menos energia. O brasileiro n\u00e3o pode sofrer dificuldade financeira porque a sua energia aumentou ou porque a bandeira mudou\u201d, argumenta Eli Borges.<\/p>\n\n\n\n<p>J\u00e1 na Comiss\u00e3o de Defesa do Consumidor, Eli Borges destacou a imposi\u00e7\u00e3o da taxa m\u00ednima comercial de \u00e0guas \u00e0s igrejas do Tocantins e criticou a a\u00e7\u00e3o da concession\u00e1ria BRK. \u201cNo Tocantins temos a BRK, que \u00e9 uma vergonha, e cobra o n\u00edvel mais alto da taxa de esgoto. Eles t\u00eam uma taxa m\u00ednima comercial e a Igreja, que muito pouco usa \u00e1gua, tamb\u00e9m entrou nessa cobran\u00e7a\u201d, destacou. <\/p>\n\n\n\n<p>\u201cS\u00e3o inven\u00e7\u00f5es. Ora, se o cidad\u00e3o consumiu 1.000 litros, pague pelo que consumiu. Essas empresas s\u00e3o poderosas e ganham lucro excessivo, enquanto muitas igrejas tem dificuldades financeiras\u201d, observa o parlamentar. O deputado tamb\u00e9m manifestou preocupa\u00e7\u00e3o com os constantes aumentos de combust\u00edveis no pa\u00eds e os impactos que podem trazer a economia.<\/p>\n\n\n\n<p>\u201cNo momento em que o Brasil prepara o plantio da pr\u00f3xima safra, e os tratores roncam de norte a sul, de leste e oeste, para garantir o futuro do agroneg\u00f3cio, que vem salvando o pa\u00eds, temos o aumento excessivo dos combust\u00edveis. Temos que dar uma resposta para a sociedade e esta comiss\u00e3o de Defesa do Consumidor \u00e9 a comiss\u00e3o essencial para isso\u201d, pontua o parlamentar.<\/p>\n","protected":false},"excerpt":{"rendered":"<p>O posicionamento do deputado federal Eli Borges (Solidariedade-TO) em defesa do consumidor foi destaque nesta quinta-feira (30) no Plen\u00e1rio da C\u00e2mara dos Deputados e na Comiss\u00e3o de Defesa do Consumidor. A \u00eanfase foi na eleva\u00e7\u00e3o dos pre\u00e7os dos combust\u00edveis, as constantes mudan\u00e7as nas cobran\u00e7as de taxas de tarifa de energia e tamb\u00e9m na tarifa m\u00ednima [&hellip;]<\/p>\n","protected":false},"author":2,"featured_media":9501,"comment_status":"open","ping_status":"open","sticky":false,"template":"","format":"standard","meta":[],"categories":[8,4],"tags":[],"_links":{"self":[{"href":"https:\/\/dgospel.com.br\/portal\/index.php\/wp-json\/wp\/v2\/posts\/9500"}],"collection":[{"href":"https:\/\/dgospel.com.br\/portal\/index.php\/wp-json\/wp\/v2\/posts"}],"about":[{"href":"https:\/\/dgospel.com.br\/portal\/index.php\/wp-json\/wp\/v2\/types\/post"}],"author":[{"embeddable":true,"href":"https:\/\/dgospel.com.br\/portal\/index.php\/wp-json\/wp\/v2\/users\/2"}],"replies":[{"embeddable":true,"href":"https:\/\/dgospel.com.br\/portal\/index.php\/wp-json\/wp\/v2\/comments?post=9500"}],"version-history":[{"count":2,"href":"https:\/\/dgospel.com.br\/portal\/index.php\/wp-json\/wp\/v2\/posts\/9500\/revisions"}],"predecessor-version":[{"id":9503,"href":"https:\/\/dgospel.com.br\/portal\/index.php\/wp-json\/wp\/v2\/posts\/9500\/revisions\/9503"}],"wp:featuredmedia":[{"embeddable":true,"href":"https:\/\/dgospel.com.br\/portal\/index.php\/wp-json\/wp\/v2\/media\/9501"}],"wp:attachment":[{"href":"https:\/\/dgospel.com.br\/portal\/index.php\/wp-json\/wp\/v2\/media?parent=9500"}],"wp:term":[{"taxonomy":"category","embeddable":true,"href":"https:\/\/dgospel.com.br\/portal\/index.php\/wp-json\/wp\/v2\/categories?post=9500"},{"taxonomy":"post_tag","embeddable":true,"href":"https:\/\/dgospel.com.br\/portal\/index.php\/wp-json\/wp\/v2\/tags?post=9500"}],"curies":[{"name":"wp","href":"https:\/\/api.w.org\/{rel}","templated":true}]}}