{"id":9513,"date":"2021-10-04T10:06:24","date_gmt":"2021-10-04T13:06:24","guid":{"rendered":"http:\/\/dgospel.com.br\/portal\/?p=9513"},"modified":"2021-10-04T10:06:26","modified_gmt":"2021-10-04T13:06:26","slug":"petistas-fazem-emboscada-e-tentam-agredir-ciro-com-pedacos-de-pau","status":"publish","type":"post","link":"https:\/\/dgospel.com.br\/portal\/index.php\/2021\/10\/04\/petistas-fazem-emboscada-e-tentam-agredir-ciro-com-pedacos-de-pau\/","title":{"rendered":"Petistas fazem \u2018emboscada\u2019 e tentam agredir Ciro com peda\u00e7os de pau"},"content":{"rendered":"\n<p><a href=\"https:\/\/revistaoeste.com\/politica\/o-brasil-dos-institutos-de-pesquisas-foi-hoje-as-ruas\/\" target=\"_blank\" rel=\"noreferrer noopener\">Faltou gente na manifesta\u00e7\u00e3o convocada pelo PT<\/a>&nbsp;e seus\nsat\u00e9lites da esquerda no s\u00e1bado 2, mas a baixa ades\u00e3o n\u00e3o foi suficiente para\narrefecer os \u00e2nimos da milit\u00e2ncia. Os petistas deram uma nova demonstra\u00e7\u00e3o de\nintoler\u00e2ncia, e desta vez uma das v\u00edtimas foi um antigo aliado: o ex-ministro\nCiro Gomes (PDT).<\/p>\n\n\n\n<p>Depois de ser fortemente vaiado durante seu discurso na Avenida\nPaulista, em S\u00e3o Paulo \u2014 pela manh\u00e3, Ciro j\u00e1 havia participado do ato\nesquerdista no Rio de Janeiro \u2014, o pr\u00e9-candidato do PDT ao Pal\u00e1cio do Planalto\nfoi v\u00edtima de uma \u201cemboscada\u201d armada por militantes do PT.<\/p>\n\n\n\n<p>Quando se encaminhava para seu carro, Ciro voltou a ser hostilizado\npelos manifestantes. Alguns petistas mais exaltados atiraram garrafas e peda\u00e7os\nde pau contra os vidros do ve\u00edculo. Na sequ\u00eancia, depois de o pedetista deixar\no local, houve uma briga entre os pr\u00f3prios militantes, que acabaram dispersados\npela Pol\u00edcia Militar (PM). Ningu\u00e9m foi preso.<\/p>\n\n\n\n<p>Ao discursar no caminh\u00e3o de som, Ciro recebeu vaias e xingamentos de\npetistas, que entoaram o nome do ex-presidente Luiz In\u00e1cio Lula da Silva (PT),\nausente na manifesta\u00e7\u00e3o. Depois de sofrer a tentativa de agress\u00e3o, Ciro afirmou\nque o Brasil \u00e9 maior do que o \u201cfascismo travestido de vermelho e de verde e\namarelo\u201d e disse n\u00e3o ter ouvido as vaias. Segundo o ex-ministro, a a\u00e7\u00e3o\nviolenta partiu de \u201cmeia d\u00fazia de bandidos travestidos de esquerda que se acham\ndonos da verdade\u201d.<\/p>\n\n\n\n<p>Em nota, o PDT informou que \u201cmeia d\u00fazia de militantes petistas que\nestavam em um bar, visivelmente alterados, tentaram hostilizar Ciro e o\npresidente [<em>do partido<\/em>] Carlos Lupi\u201d. \u201cS\u00e3o atos covardes de quem n\u00e3o\nest\u00e1 interessado no pa\u00eds. Esses covardes n\u00e3o intimidar\u00e3o quem quer que seja\u201d,\nafirmou a agremia\u00e7\u00e3o.<\/p>\n\n\n\n<p>Dirigentes de outras legendas de esquerda que organizaram o ato se\nsolidarizaram a Ciro. A presidente nacional do PT, Gleisi Hoffmann, classificou\na tentativa de agress\u00e3o como \u201cincidente lament\u00e1vel\u201d.<\/p>\n\n\n\n<p>Nos \u00faltimos anos, Ciro tem subido o tom das cr\u00edticas a Lula e aos governos\npetistas \u2014 dos quais participou no primeiro escal\u00e3o, \u00e9 bom lembrar. A\nmilit\u00e2ncia do PT n\u00e3o o perdoa por ter viajado a Paris depois de derrotado no\nprimeiro turno das elei\u00e7\u00f5es de 2018, ficando de fora da campanha de Fernando\nHaddad no segundo turno contra Jair Bolsonaro.<\/p>\n","protected":false},"excerpt":{"rendered":"<p>Faltou gente na manifesta\u00e7\u00e3o convocada pelo PT&nbsp;e seus sat\u00e9lites da esquerda no s\u00e1bado 2, mas a baixa ades\u00e3o n\u00e3o foi suficiente para arrefecer os \u00e2nimos da milit\u00e2ncia. Os petistas deram uma nova demonstra\u00e7\u00e3o de intoler\u00e2ncia, e desta vez uma das v\u00edtimas foi um antigo aliado: o ex-ministro Ciro Gomes (PDT). Depois de ser fortemente vaiado [&hellip;]<\/p>\n","protected":false},"author":2,"featured_media":9514,"comment_status":"open","ping_status":"open","sticky":false,"template":"","format":"standard","meta":[],"categories":[4],"tags":[14],"_links":{"self":[{"href":"https:\/\/dgospel.com.br\/portal\/index.php\/wp-json\/wp\/v2\/posts\/9513"}],"collection":[{"href":"https:\/\/dgospel.com.br\/portal\/index.php\/wp-json\/wp\/v2\/posts"}],"about":[{"href":"https:\/\/dgospel.com.br\/portal\/index.php\/wp-json\/wp\/v2\/types\/post"}],"author":[{"embeddable":true,"href":"https:\/\/dgospel.com.br\/portal\/index.php\/wp-json\/wp\/v2\/users\/2"}],"replies":[{"embeddable":true,"href":"https:\/\/dgospel.com.br\/portal\/index.php\/wp-json\/wp\/v2\/comments?post=9513"}],"version-history":[{"count":1,"href":"https:\/\/dgospel.com.br\/portal\/index.php\/wp-json\/wp\/v2\/posts\/9513\/revisions"}],"predecessor-version":[{"id":9515,"href":"https:\/\/dgospel.com.br\/portal\/index.php\/wp-json\/wp\/v2\/posts\/9513\/revisions\/9515"}],"wp:featuredmedia":[{"embeddable":true,"href":"https:\/\/dgospel.com.br\/portal\/index.php\/wp-json\/wp\/v2\/media\/9514"}],"wp:attachment":[{"href":"https:\/\/dgospel.com.br\/portal\/index.php\/wp-json\/wp\/v2\/media?parent=9513"}],"wp:term":[{"taxonomy":"category","embeddable":true,"href":"https:\/\/dgospel.com.br\/portal\/index.php\/wp-json\/wp\/v2\/categories?post=9513"},{"taxonomy":"post_tag","embeddable":true,"href":"https:\/\/dgospel.com.br\/portal\/index.php\/wp-json\/wp\/v2\/tags?post=9513"}],"curies":[{"name":"wp","href":"https:\/\/api.w.org\/{rel}","templated":true}]}}