{"id":9516,"date":"2021-10-04T10:25:19","date_gmt":"2021-10-04T13:25:19","guid":{"rendered":"http:\/\/dgospel.com.br\/portal\/?p=9516"},"modified":"2021-10-04T10:25:21","modified_gmt":"2021-10-04T13:25:21","slug":"fracasso-de-atos-da-esquerda-faz-web-avisar-bolsonaroreeleito","status":"publish","type":"post","link":"https:\/\/dgospel.com.br\/portal\/index.php\/2021\/10\/04\/fracasso-de-atos-da-esquerda-faz-web-avisar-bolsonaroreeleito\/","title":{"rendered":"Fracasso de atos da esquerda faz web avisar: #BolsonaroReeleito"},"content":{"rendered":"\n<p>Devido ao \u201cfracasso\u201d dos protestos contra o presidente Jair\nBolsonaro neste s\u00e1bado (2), usu\u00e1rios de redes sociais se uniram para mandar um\nrecado \u00e0 oposi\u00e7\u00e3o. No Twitter, o grupo levantou a #BolsonaroReeleito e levou a\ntag a ser um dos assuntos mais comentados da rede social.<\/p>\n\n\n\n<p>Os\nprotestos deste s\u00e1bado foram puxados por movimentos sociais, sindicatos e\nesquerdistas. Entre as pautas reivindicadas estavam o impeachment do presidente\nJair Bolsonaro, o aumento do custo de vida e o retorno do aux\u00edlio emergencial\nnos moldes que foi aplicado no in\u00edcio da pandemia, de maneira mais\ngeneralizada.<\/p>\n\n\n\n<p>Nas\nredes sociais, aliados e admiradores de Bolsonaro fizeram piada sobre a baixa\nades\u00e3o aos atos, e confrontaram as imagens com a suposta alta na rejei\u00e7\u00e3o ao\npresidente.\u00a0<\/p>\n\n\n\n<figure class=\"wp-block-image\"><img src=\"https:\/\/static.cdn.pleno.news\/2021\/10\/005.png\" alt=\"Fracasso de protestos faz web avisar: #BolsonaroReeleito\"\/><figcaption>Fracasso de protestos faz web avisar: #BolsonaroReeleito&nbsp;\/ Foto: Reprodu\u00e7\u00e3o\/Redes Sociais<\/figcaption><\/figure>\n\n\n\n<figure class=\"wp-block-image\"><img src=\"https:\/\/static.cdn.pleno.news\/2021\/10\/001.png\" alt=\"Fracasso de protestos faz web avisar: #BolsonaroReeleito\"\/><figcaption>Fracasso de protestos faz web avisar: #BolsonaroReeleito&nbsp;\/ Foto: Reprodu\u00e7\u00e3o\/Redes Sociais<\/figcaption><\/figure>\n\n\n\n<figure class=\"wp-block-image\"><img src=\"https:\/\/static.cdn.pleno.news\/2021\/10\/010.png\" alt=\"Fracasso de protestos faz web avisar: #BolsonaroReeleito\"\/><figcaption>Fracasso de protestos faz web avisar: #BolsonaroReeleito&nbsp;\/ Foto: Reprodu\u00e7\u00e3o\/Redes Sociais<\/figcaption><\/figure>\n\n\n\n<figure class=\"wp-block-image\"><img src=\"https:\/\/static.cdn.pleno.news\/2021\/10\/009.png\" alt=\"Fracasso de protestos faz web avisar: #BolsonaroReeleito\"\/><figcaption>Fracasso de protestos faz web avisar: #BolsonaroReeleito&nbsp;\/ Foto: Reprodu\u00e7\u00e3o\/Redes Sociais<\/figcaption><\/figure>\n\n\n\n<figure class=\"wp-block-image\"><img src=\"https:\/\/static.cdn.pleno.news\/2021\/10\/008.png\" alt=\"Fracasso de protestos faz web avisar: #BolsonaroReeleito\"\/><figcaption>Fracasso de protestos faz web avisar: #BolsonaroReeleito&nbsp;\/ Foto: Reprodu\u00e7\u00e3o\/Redes Sociais<\/figcaption><\/figure>\n\n\n\n<figure class=\"wp-block-image\"><img src=\"https:\/\/static.cdn.pleno.news\/2021\/10\/007.png\" alt=\"Fracasso de protestos faz web avisar: #BolsonaroReeleito\"\/><figcaption>Fracasso de protestos faz web avisar: #BolsonaroReeleito&nbsp;\/ Foto: Reprodu\u00e7\u00e3o\/Redes Sociais<\/figcaption><\/figure>\n\n\n\n<figure class=\"wp-block-image\"><img src=\"https:\/\/static.cdn.pleno.news\/2021\/10\/006.png\" alt=\"Fracasso de protestos faz web avisar: #BolsonaroReeleito\"\/><figcaption>Fracasso de protestos faz web avisar: #BolsonaroReeleito&nbsp;\/ Foto: Reprodu\u00e7\u00e3o\/Redes Sociais<\/figcaption><\/figure>\n\n\n\n<figure class=\"wp-block-image\"><img src=\"https:\/\/static.cdn.pleno.news\/2021\/10\/004.png\" alt=\"Fracasso de protestos faz web avisar: #BolsonaroReeleito\"\/><figcaption>Fracasso de protestos faz web avisar: #BolsonaroReeleito&nbsp;\/ Foto: Reprodu\u00e7\u00e3o\/Redes Sociais<\/figcaption><\/figure>\n\n\n\n<figure class=\"wp-block-image\"><img src=\"https:\/\/static.cdn.pleno.news\/2021\/10\/000.png\" alt=\"Fracasso de protestos faz web avisar: #BolsonaroReeleito\"\/><figcaption>Fracasso de protestos faz web avisar: #BolsonaroReeleito&nbsp;\/ Foto: Reprodu\u00e7\u00e3o\/Redes Sociais<\/figcaption><\/figure>\n\n\n\n<figure class=\"wp-block-image\"><img src=\"https:\/\/static.cdn.pleno.news\/2021\/10\/003.png\" alt=\"Fracasso de protestos faz web avisar: #BolsonaroReeleito\"\/><figcaption>Fracasso de protestos faz web avisar: #BolsonaroReeleito&nbsp;\/ Foto: Reprodu\u00e7\u00e3o\/Redes Sociais<\/figcaption><\/figure>\n\n\n\n<figure class=\"wp-block-image\"><img src=\"https:\/\/static.cdn.pleno.news\/2021\/10\/002.png\" alt=\"Fracasso de protestos faz web avisar: #BolsonaroReeleito\"\/><figcaption>Fracasso de protestos faz web avisar: #BolsonaroReeleito&nbsp;\/ Foto: Reprodu\u00e7\u00e3o\/Redes Sociais<\/figcaption><\/figure>\n","protected":false},"excerpt":{"rendered":"<p>Devido ao \u201cfracasso\u201d dos protestos contra o presidente Jair Bolsonaro neste s\u00e1bado (2), usu\u00e1rios de redes sociais se uniram para mandar um recado \u00e0 oposi\u00e7\u00e3o. No Twitter, o grupo levantou a #BolsonaroReeleito e levou a tag a ser um dos assuntos mais comentados da rede social. Os protestos deste s\u00e1bado foram puxados por movimentos sociais, [&hellip;]<\/p>\n","protected":false},"author":2,"featured_media":9517,"comment_status":"open","ping_status":"open","sticky":false,"template":"","format":"standard","meta":[],"categories":[4],"tags":[14],"_links":{"self":[{"href":"https:\/\/dgospel.com.br\/portal\/index.php\/wp-json\/wp\/v2\/posts\/9516"}],"collection":[{"href":"https:\/\/dgospel.com.br\/portal\/index.php\/wp-json\/wp\/v2\/posts"}],"about":[{"href":"https:\/\/dgospel.com.br\/portal\/index.php\/wp-json\/wp\/v2\/types\/post"}],"author":[{"embeddable":true,"href":"https:\/\/dgospel.com.br\/portal\/index.php\/wp-json\/wp\/v2\/users\/2"}],"replies":[{"embeddable":true,"href":"https:\/\/dgospel.com.br\/portal\/index.php\/wp-json\/wp\/v2\/comments?post=9516"}],"version-history":[{"count":1,"href":"https:\/\/dgospel.com.br\/portal\/index.php\/wp-json\/wp\/v2\/posts\/9516\/revisions"}],"predecessor-version":[{"id":9518,"href":"https:\/\/dgospel.com.br\/portal\/index.php\/wp-json\/wp\/v2\/posts\/9516\/revisions\/9518"}],"wp:featuredmedia":[{"embeddable":true,"href":"https:\/\/dgospel.com.br\/portal\/index.php\/wp-json\/wp\/v2\/media\/9517"}],"wp:attachment":[{"href":"https:\/\/dgospel.com.br\/portal\/index.php\/wp-json\/wp\/v2\/media?parent=9516"}],"wp:term":[{"taxonomy":"category","embeddable":true,"href":"https:\/\/dgospel.com.br\/portal\/index.php\/wp-json\/wp\/v2\/categories?post=9516"},{"taxonomy":"post_tag","embeddable":true,"href":"https:\/\/dgospel.com.br\/portal\/index.php\/wp-json\/wp\/v2\/tags?post=9516"}],"curies":[{"name":"wp","href":"https:\/\/api.w.org\/{rel}","templated":true}]}}