{"id":9522,"date":"2021-10-04T17:22:47","date_gmt":"2021-10-04T20:22:47","guid":{"rendered":"http:\/\/dgospel.com.br\/portal\/?p=9522"},"modified":"2021-10-04T17:22:49","modified_gmt":"2021-10-04T20:22:49","slug":"juristas-consideram-decreto-de-pernambuco-inconstitucional-por-interferir-no-culto","status":"publish","type":"post","link":"https:\/\/dgospel.com.br\/portal\/index.php\/2021\/10\/04\/juristas-consideram-decreto-de-pernambuco-inconstitucional-por-interferir-no-culto\/","title":{"rendered":"Juristas consideram decreto de Pernambuco inconstitucional por interferir no culto"},"content":{"rendered":"\n<p>Juristas se posicionaram a respeito da medida do governador de\nPernambuco, Paulo C\u00e2mara (PSB), em rela\u00e7\u00e3o \u00e0 exig\u00eancia de vacinas para\nfrequentadores das igrejas no estado, considerando-a um risco \u00e0 liberdade\nreligiosa, pois fere um importante direito constitucional.<\/p>\n\n\n\n<p>A exig\u00eancia de duas doses de vacina ou de um teste negativo de covid-19\npara permitir a entrada de fi\u00e9is em templos com capacidade para mais de 300\npessoas \u00e9 visto um gesto hostil \u00e0s igrejas pelo jurista Jean Regina,\nvice-presidente do Instituto Brasileiro de Direito e Religi\u00e3o (IBDR).<\/p>\n\n\n\n<p>No Brasil, h\u00e1 estreita colabora\u00e7\u00e3o entre igrejas e o poder p\u00fablico,\nrespeitando a laicidade do Estado. Essa parceria se nota atrav\u00e9s de programas\nsociais diversos, que v\u00e3o al\u00e9m da atividade religiosa.<\/p>\n\n\n\n<p>\u201cVivemos uma laicidade brasileira que \u00e9 colaborativa, a Igreja est\u00e1\ncolaborando com o Estado. As autoridades religiosas j\u00e1 tinham uma maturidade\npara entender a complexidade do problema. Mas o grande perigo de o Estado criar\nrestri\u00e7\u00f5es \u00e0 liberdade religiosa \u00e9 que queiram construir racioc\u00ednios no sentido\nde tolher a liberdade religiosa\u201d, alertou Jean Regina em entrevista ao\nportal&nbsp;<a href=\"https:\/\/noticias.r7.com\/cidades\/restricao-de-presenca-na-igreja-em-pe-e-risco-a-liberdade-alertam-juristas-30092021\" target=\"_blank\" rel=\"noreferrer noopener\"><em>R7<\/em><\/a>.<\/p>\n\n\n\n<p>A advogada Edna Zilli, presidente da Associa\u00e7\u00e3o Nacional de Juristas\nEvang\u00e9licos (ANAJURE), comentou a medida do pol\u00edtico socialista como uma\narbitrariedade, j\u00e1 que \u00e9 poss\u00edvel combater a dissemina\u00e7\u00e3o da pandemia com a\nado\u00e7\u00e3o dos protocolos sanit\u00e1rios que n\u00e3o impe\u00e7am a presen\u00e7a das pessoas nos\ntemplos.<\/p>\n\n\n\n<p>\u201cN\u00e3o \u00e9 comum esse tipo de exig\u00eancia para igrejas, porque fere tanto a\nliberdade religiosa quanto o direito \u00e0 obje\u00e7\u00e3o de consci\u00eancia\u201d, disse,\nreferindo-se ao direito que as pessoas t\u00eam de optarem por n\u00e3o se vacinar com um\nimunizante experimental, aprovada pela Anvisa em car\u00e1ter emergencial.<\/p>\n\n\n\n<p>\u201cAl\u00e9m disso, nem todos tiveram acesso \u00e0 vacina em todas as etapas da\nimuniza\u00e7\u00e3o ou possuem meios de fazer exames a cada agenda religiosa, que costuma\nser em v\u00e1rios dias da semana\u201d, completou a advogada.<\/p>\n\n\n\n<p><strong>Direitos constitucionais<\/strong><\/p>\n\n\n\n<p>Para Edna Zilli, o decreto de Paulo C\u00e2mara agride direitos\nconstitucionais consolidados \u201cEssa exig\u00eancia representa uma ofensa ao direito\nconstitucionalmente consagrado da liberdade religiosa, visto que constitui um\nembara\u00e7o a uma de suas dimens\u00f5es basilares que \u00e9 o livre exerc\u00edcio de culto\u201d.<\/p>\n\n\n\n<p>A mesma opini\u00e3o foi manifestada pelo vice-presidente do IBDR, j\u00e1 que a\nmedida interfere diretamente no centro da liberdade religiosa: a celebra\u00e7\u00e3o em\nsi.<\/p>\n\n\n\n<p>\u201cA religi\u00e3o tem um papel fundamental na sa\u00fade mental das pessoas. O\nculto \u00e9 um n\u00facleo central do exerc\u00edcio da religi\u00e3o. Se a autoridade religiosa\nestabelece o culto como essencial, \u00e9 fundamental que a pessoa compare\u00e7a a esse espa\u00e7o\npara professar sua f\u00e9\u201d, contextualizou Jean.<\/p>\n\n\n\n<p>\u201cO que acontece \u00e9 que, muitas vezes ao longo dos meses de 2020 e 2021,\nvimos que algumas atitudes de gestores municipais e estaduais foram\ndesproporcionais com rela\u00e7\u00e3o \u00e0 atividade religiosa, em que pese a atividade ser\nconsiderada essencial \u00e0 vida humana, gerando questionamentos judiciais\u201d,\nacrescentou.<\/p>\n\n\n\n<p>Assim como destacado pelo pastor Yago Martins, Pernambuco \u00e9 um dos\nestados que estabeleceram as&nbsp;<a href=\"https:\/\/noticias.gospelmais.com.br\/yago-martins-ingerencia-injusta-pernambuco-igrejas-149632.html\"><strong>restri\u00e7\u00f5es\nmais agudas aos cultos<\/strong><\/a>&nbsp;desde o in\u00edcio da pandemia: \u201cO\nestado criou restri\u00e7\u00f5es para&nbsp;<em>lives<\/em>, coisa que n\u00e3o perdurou, e agora\nestamos nesse momento em que h\u00e1 a obriga\u00e7\u00e3o de apresentar quadro vacinal\ncompleto ou o teste negativo\u201d, criticou Jean.<\/p>\n\n\n\n<p><strong>Injusti\u00e7as<\/strong><\/p>\n\n\n\n<p>A falta de vacinas para ofertar \u00e0 popula\u00e7\u00e3o coloca o governador em uma\nesp\u00e9cie de paradoxo: \u201cN\u00e3o tem para todo mundo, se tivesse a maioria das pessoas\nestaria j\u00e1 vacinada\u201d, argumentou, acrescentando que a hip\u00f3tese dos testes \u00e9\ninvi\u00e1vel pelo alto custo e necessidade de repeti\u00e7\u00e3o: \u201c\u00c9 um procedimento\ninvasivo, ruim, caro e, \u00e0s vezes, n\u00e3o \u00e9 de f\u00e1cil acesso. Um fiel que participa\nde dois cultos por semana teria de gastar de R$ 200 a R$ 300 para poder ir \u00e0\nigreja\u201d.<\/p>\n\n\n\n<p>\u201c\u00c9 uma decis\u00e3o injusta porque estamos na fase menos gravosa da pandemia\ne a medida \u00e9 absolutamente restritiva, fere a isonomia constitucional e imp\u00f5e\num peso aos cidad\u00e3os que querem professar sua f\u00e9\u201d, diz.<\/p>\n\n\n\n<p>As igrejas, enfatiza Jean, t\u00eam seguido rigorosamente os protocolos\nsanit\u00e1rios: \u201cExemplo de conduta pr\u00f3pria. A maioria dos cultos de todas as\nmatrizes tem adotado medidas de precau\u00e7\u00e3o, distanciamento e uso racional do\nespa\u00e7o. Muitas pr\u00e1ticas t\u00eam sido adaptadas, aconselhamentos mais pr\u00f3ximo t\u00eam\nsido evitados\u201d.<\/p>\n\n\n\n<p>Apesar de toda disposi\u00e7\u00e3o \u00e0 colabora\u00e7\u00e3o, a presidente da ANAJURE lembra\nque todo o debate em torno das vacinas pode gerar uma falsa sensa\u00e7\u00e3o de\nseguran\u00e7a, levando ao precoce relaxamento de medidas sanit\u00e1rias: \u201cIsso pode\ngerar contamina\u00e7\u00e3o, haja vista que as vacinas n\u00e3o t\u00eam garantido a imuniza\u00e7\u00e3o total,\ne a vacina\u00e7\u00e3o n\u00e3o est\u00e1 com todas as etapas conclu\u00eddas\u201d.<\/p>\n","protected":false},"excerpt":{"rendered":"<p>Juristas se posicionaram a respeito da medida do governador de Pernambuco, Paulo C\u00e2mara (PSB), em rela\u00e7\u00e3o \u00e0 exig\u00eancia de vacinas para frequentadores das igrejas no estado, considerando-a um risco \u00e0 liberdade religiosa, pois fere um importante direito constitucional. A exig\u00eancia de duas doses de vacina ou de um teste negativo de covid-19 para permitir a [&hellip;]<\/p>\n","protected":false},"author":2,"featured_media":9523,"comment_status":"open","ping_status":"open","sticky":false,"template":"","format":"standard","meta":[],"categories":[5],"tags":[],"_links":{"self":[{"href":"https:\/\/dgospel.com.br\/portal\/index.php\/wp-json\/wp\/v2\/posts\/9522"}],"collection":[{"href":"https:\/\/dgospel.com.br\/portal\/index.php\/wp-json\/wp\/v2\/posts"}],"about":[{"href":"https:\/\/dgospel.com.br\/portal\/index.php\/wp-json\/wp\/v2\/types\/post"}],"author":[{"embeddable":true,"href":"https:\/\/dgospel.com.br\/portal\/index.php\/wp-json\/wp\/v2\/users\/2"}],"replies":[{"embeddable":true,"href":"https:\/\/dgospel.com.br\/portal\/index.php\/wp-json\/wp\/v2\/comments?post=9522"}],"version-history":[{"count":1,"href":"https:\/\/dgospel.com.br\/portal\/index.php\/wp-json\/wp\/v2\/posts\/9522\/revisions"}],"predecessor-version":[{"id":9524,"href":"https:\/\/dgospel.com.br\/portal\/index.php\/wp-json\/wp\/v2\/posts\/9522\/revisions\/9524"}],"wp:featuredmedia":[{"embeddable":true,"href":"https:\/\/dgospel.com.br\/portal\/index.php\/wp-json\/wp\/v2\/media\/9523"}],"wp:attachment":[{"href":"https:\/\/dgospel.com.br\/portal\/index.php\/wp-json\/wp\/v2\/media?parent=9522"}],"wp:term":[{"taxonomy":"category","embeddable":true,"href":"https:\/\/dgospel.com.br\/portal\/index.php\/wp-json\/wp\/v2\/categories?post=9522"},{"taxonomy":"post_tag","embeddable":true,"href":"https:\/\/dgospel.com.br\/portal\/index.php\/wp-json\/wp\/v2\/tags?post=9522"}],"curies":[{"name":"wp","href":"https:\/\/api.w.org\/{rel}","templated":true}]}}