{"id":9531,"date":"2021-10-06T09:53:44","date_gmt":"2021-10-06T12:53:44","guid":{"rendered":"http:\/\/dgospel.com.br\/portal\/?p=9531"},"modified":"2021-10-06T09:53:46","modified_gmt":"2021-10-06T12:53:46","slug":"vereador-e-intimado-por-video-menino-e-menino-menina-e-menina-em-apoio-a-jorge-linhares","status":"publish","type":"post","link":"https:\/\/dgospel.com.br\/portal\/index.php\/2021\/10\/06\/vereador-e-intimado-por-video-menino-e-menino-menina-e-menina-em-apoio-a-jorge-linhares\/","title":{"rendered":"Vereador \u00e9 intimado por v\u00eddeo \u201cmenino \u00e9 menino, menina \u00e9 menina\u201d em apoio a Jorge Linhares"},"content":{"rendered":"\n<p>\n\nO vereador crist\u00e3o Airton Souza (MDB), da cidade de Canoas no Rio Grande do Sul, foi intimado a depor por publicar um v\u00eddeo afirmando que \u201cmenino \u00e9 menino e menina \u00e9 menina\u201d, em apoio ao&nbsp;<strong><a href=\"https:\/\/www.guiame.com.br\/gospel\/mundo-cristao\/jorge-linhares-sera-investigado-sobre-postagem-de-video-que-defende-valores-biblicos.html\">pastor Jorge Linhares<\/a><\/strong>, que foi intimado em julho por defender a vis\u00e3o b\u00edblica sobre g\u00eanero.&nbsp;\n\n<\/p>\n\n\n\n<figure class=\"wp-block-image\"><img src=\"https:\/\/thumbor.guiame.com.br\/unsafe\/840x500\/http:\/\/media.guiame.com.br\/archives\/2021\/10\/05\/767505524-vereador-caso-jorge.png\" alt=\" vereador crist\u00e3o Airton Souza (MDB), da cidade de Canoas (RS), prestou depoimento. (Foto: Reprodu\u00e7\u00e3o\/Instagram).\"\/><figcaption>vereador crist\u00e3o Airton Souza (MDB), da cidade de Canoas (RS), prestou depoimento. (Foto: Reprodu\u00e7\u00e3o\/Instagram).<\/figcaption><\/figure>\n\n\n\n<p>No dia 28 de setembro, o vereador recebeu um mandado de intima\u00e7\u00e3o da 4\u00aa Delegacia de Pol\u00edcia de Canoas em seu gabinete na C\u00e2mara Municipal de Vereadores. A intima\u00e7\u00e3o foi resultado de uma ocorr\u00eancia policial registrada contra ele, devido a um v\u00eddeo postado por Airton Souza nas redes sociais no dia 30 de julho.<\/p>\n\n\n\n<p>No v\u00eddeo, o vereador manifestou sua solidariedade ao Pastor Jorge Linhares, que foi alvo de uma investiga\u00e7\u00e3o do Minist\u00e9rio P\u00fablico de Minas Gerais por uma postagem contra a&nbsp;<strong><a href=\"https:\/\/www.guiame.com.br\/gospel\/noticias\/ideologia-antifamilia-burger-king-usa-criancas-em-campanha-lgbt-e-tem-onda-de-criticas.html\">ideologia de g\u00eanero<\/a><\/strong>, reafirmando o princ\u00edpio de que \u201cmenino \u00e9 menino e menina \u00e9 menina\u201d.<\/p>\n\n\n\n<p>O parlamentar tamb\u00e9m classificou o caso do pastor Linhares como cerceamento \u00e0 liberdade religiosa e liberdade de express\u00e3o, incentivando os crist\u00e3os a expressarem sua f\u00e9 e lutarem por seus direitos religiosos.<\/p>\n\n\n\n<p>Um dia antes da intima\u00e7\u00e3o, Airton pediu ora\u00e7\u00e3o por ele e pelo Brasil e afirmou que continuaria defendendo a verdade e os princ\u00edpios crist\u00e3os, em postagem em suas redes sociais no dia 29 de setembro.<\/p>\n\n\n\n<p>No dia seguinte, ap\u00f3s prestar esclarecimentos \u00e0, o vereador gravou um v\u00eddeo em frente a delegacia, falando sobre o caso. \u201cSa\u00edmos daqui convictos e reafirmamos que acreditamos e continuaremos propagando as verdades de Deus\u201d, disse Airton.<\/p>\n\n\n\n<p>Acompanhando o vereador, o presidente do Instituto Brasileiro de Religi\u00e3o (IBDR), Thiago Rafael Vieira, ressaltou que a liberdade religiosa \u00e9 um direito garantido pela Constitui\u00e7\u00e3o Brasileira.<\/p>\n\n\n\n<p>&#8220;A liberdade de cren\u00e7a e a liberdade religiosa s\u00e3o liberdades constitucionais e s\u00e3o inviol\u00e1veis, conforme o artigo 5\u00b0, inciso 6\u00b0. E n\u00e3o v\u00e3o nos calar, n\u00f3s vamos continuar pregando a nossa cren\u00e7a, vivendo segundo os nossos dogmas e aquilo que acreditamos\u201d, afirmou Vieira.<\/p>\n\n\n\n<p><strong>Sobre o caso Jorge Linhares<\/strong><\/p>\n\n\n\n<p>Em junho deste ano, o pastor Jorge Linhares, diretor geral do Col\u00e9gio Batista Gets\u00eamani, foi convocado a comparecer no Minist\u00e9rio P\u00fablico de Minas Gerais, para ser investigado sobre eventual postagem de um v\u00eddeo que \u201ccaracterizou discrimina\u00e7\u00e3o de identidade de g\u00eanero\u201d e foi enquadrado pela OAB como \u201cdiscurso de \u00f3dio\u201d.<\/p>\n\n\n\n<p>No&nbsp;<strong><a href=\"https:\/\/www.guiame.com.br\/gospel\/noticias\/videos-de-protesto-contra-o-burger-king-viralizam-na-internet-deus-criou-homem-e-mulher.html\">v\u00eddeo que viralizou<\/a><\/strong>&nbsp;nas redes sociais, postado em 28 de junho, aparecem crian\u00e7as defendendo os g\u00eaneros masculino e feminino, logo ap\u00f3s a pol\u00eamica&nbsp;<strong><a href=\"https:\/\/www.guiame.com.br\/gospel\/noticias\/ideologia-antifamilia-burger-king-usa-criancas-em-campanha-lgbt-e-tem-onda-de-criticas.html\">campanha do Burger King<\/a><\/strong>&nbsp;em defesa da causa LBGT, no m\u00eas do orgulho gay.<\/p>\n\n\n\n<p>O v\u00eddeo, por\u00e9m, n\u00e3o foi produzido por alunos do Col\u00e9gio Batista Gets\u00eamani, mas foi somente compartilhado pelo col\u00e9gio e pertence ao canal do YouTube \u201cO Mundo de Ot\u00e1vio\u201d.&nbsp;<\/p>\n\n\n\n<p>As crian\u00e7as dizem que a \u201cideia de que meninos podem se tornar meninas \u00e9 enganosa e que Deus fez meninos e meninas\u201d. Mesmo assim, a institui\u00e7\u00e3o de ensino foi acusada de homofobia, conduta que pode ser criminalizada, conforme a lei de discrimina\u00e7\u00e3o vigente em alguns Estados do Brasil.<\/p>\n\n\n\n<p>Para a OAB, a mensagem seria ofensiva, mesmo sem contar com nenhuma palavra ou men\u00e7\u00e3o negativa a pessoas LGBT.<\/p>\n\n\n\n<p><strong>FONTE:<\/strong>&nbsp;GUIAME, COM INFORMA\u00c7\u00d5ES DO JORNAL TIMONEIRO\n\n<\/p>\n","protected":false},"excerpt":{"rendered":"<p>O vereador crist\u00e3o Airton Souza (MDB), da cidade de Canoas no Rio Grande do Sul, foi intimado a depor por publicar um v\u00eddeo afirmando que \u201cmenino \u00e9 menino e menina \u00e9 menina\u201d, em apoio ao&nbsp;pastor Jorge Linhares, que foi intimado em julho por defender a vis\u00e3o b\u00edblica sobre g\u00eanero.&nbsp; No dia 28 de setembro, o [&hellip;]<\/p>\n","protected":false},"author":2,"featured_media":9532,"comment_status":"open","ping_status":"open","sticky":false,"template":"","format":"standard","meta":[],"categories":[5,4],"tags":[],"_links":{"self":[{"href":"https:\/\/dgospel.com.br\/portal\/index.php\/wp-json\/wp\/v2\/posts\/9531"}],"collection":[{"href":"https:\/\/dgospel.com.br\/portal\/index.php\/wp-json\/wp\/v2\/posts"}],"about":[{"href":"https:\/\/dgospel.com.br\/portal\/index.php\/wp-json\/wp\/v2\/types\/post"}],"author":[{"embeddable":true,"href":"https:\/\/dgospel.com.br\/portal\/index.php\/wp-json\/wp\/v2\/users\/2"}],"replies":[{"embeddable":true,"href":"https:\/\/dgospel.com.br\/portal\/index.php\/wp-json\/wp\/v2\/comments?post=9531"}],"version-history":[{"count":1,"href":"https:\/\/dgospel.com.br\/portal\/index.php\/wp-json\/wp\/v2\/posts\/9531\/revisions"}],"predecessor-version":[{"id":9533,"href":"https:\/\/dgospel.com.br\/portal\/index.php\/wp-json\/wp\/v2\/posts\/9531\/revisions\/9533"}],"wp:featuredmedia":[{"embeddable":true,"href":"https:\/\/dgospel.com.br\/portal\/index.php\/wp-json\/wp\/v2\/media\/9532"}],"wp:attachment":[{"href":"https:\/\/dgospel.com.br\/portal\/index.php\/wp-json\/wp\/v2\/media?parent=9531"}],"wp:term":[{"taxonomy":"category","embeddable":true,"href":"https:\/\/dgospel.com.br\/portal\/index.php\/wp-json\/wp\/v2\/categories?post=9531"},{"taxonomy":"post_tag","embeddable":true,"href":"https:\/\/dgospel.com.br\/portal\/index.php\/wp-json\/wp\/v2\/tags?post=9531"}],"curies":[{"name":"wp","href":"https:\/\/api.w.org\/{rel}","templated":true}]}}