{"id":9534,"date":"2021-10-06T11:01:56","date_gmt":"2021-10-06T14:01:56","guid":{"rendered":"http:\/\/dgospel.com.br\/portal\/?p=9534"},"modified":"2021-10-06T11:01:58","modified_gmt":"2021-10-06T14:01:58","slug":"sabatina-de-mendonca-tem-data-prevista-para-ocorrer-no-senado","status":"publish","type":"post","link":"https:\/\/dgospel.com.br\/portal\/index.php\/2021\/10\/06\/sabatina-de-mendonca-tem-data-prevista-para-ocorrer-no-senado\/","title":{"rendered":"Sabatina de Mendon\u00e7a tem data prevista para ocorrer no Senado"},"content":{"rendered":"\n<p>\n\nAp\u00f3s cerca de tr\u00eas meses de espera, a sabatina de Andr\u00e9 Mendon\u00e7a para assumir uma vaga no Supremo Tribunal Federal (STF) pode enfim acontecer. De acordo com a colunista Bela Megale, do jornal O Globo, o presidente da Comiss\u00e3o de Constitui\u00e7\u00e3o e Justi\u00e7a (CCJ) do Senado, Davi Alcolumbre (DEM-AP), sinalizou ao presidente da Casa, Rodrigo Pacheco (DEM-MG), que uma data est\u00e1 pr\u00f3xima.\n\n<\/p>\n\n\n\n<figure class=\"wp-block-image\"><img src=\"https:\/\/static.cdn.pleno.news\/2021\/08\/bolsonaro-e-mendon%C3%A7a-e1631877862809-1024x512.png\" alt=\"\" class=\"wp-image-785950\"\/><figcaption>Andr\u00e9 Mendon\u00e7a foi indicado pelo presidente Jair Bolsonaro para uma vaga no STF&nbsp;Foto: PR\/Isac N\u00f3brega<\/figcaption><\/figure>\n\n\n\n<p> Ex-advogado-geral da Uni\u00e3o, Mendon\u00e7a foi indicado em 12 julho pelo presidente Jair Bolsonaro para ocupar a vaga deixada pelo ministro Marco Aur\u00e9lio de Mello no STF. Mas, desde ent\u00e3o, seu nome n\u00e3o passou pelo primeiro passo para ingressar na Corte, j\u00e1 que Alcolumbre ainda n\u00e3o definiu a data do procedimento. <\/p>\n\n\n\n<p>\n\nDe acordo com o jornal, a sabatina deve ocorrer em algum dia entre os dias 18 a 22 de outubro.\n\n<\/p>\n","protected":false},"excerpt":{"rendered":"<p>Ap\u00f3s cerca de tr\u00eas meses de espera, a sabatina de Andr\u00e9 Mendon\u00e7a para assumir uma vaga no Supremo Tribunal Federal (STF) pode enfim acontecer. De acordo com a colunista Bela Megale, do jornal O Globo, o presidente da Comiss\u00e3o de Constitui\u00e7\u00e3o e Justi\u00e7a (CCJ) do Senado, Davi Alcolumbre (DEM-AP), sinalizou ao presidente da Casa, Rodrigo [&hellip;]<\/p>\n","protected":false},"author":2,"featured_media":9535,"comment_status":"open","ping_status":"open","sticky":false,"template":"","format":"standard","meta":[],"categories":[4],"tags":[13],"_links":{"self":[{"href":"https:\/\/dgospel.com.br\/portal\/index.php\/wp-json\/wp\/v2\/posts\/9534"}],"collection":[{"href":"https:\/\/dgospel.com.br\/portal\/index.php\/wp-json\/wp\/v2\/posts"}],"about":[{"href":"https:\/\/dgospel.com.br\/portal\/index.php\/wp-json\/wp\/v2\/types\/post"}],"author":[{"embeddable":true,"href":"https:\/\/dgospel.com.br\/portal\/index.php\/wp-json\/wp\/v2\/users\/2"}],"replies":[{"embeddable":true,"href":"https:\/\/dgospel.com.br\/portal\/index.php\/wp-json\/wp\/v2\/comments?post=9534"}],"version-history":[{"count":1,"href":"https:\/\/dgospel.com.br\/portal\/index.php\/wp-json\/wp\/v2\/posts\/9534\/revisions"}],"predecessor-version":[{"id":9536,"href":"https:\/\/dgospel.com.br\/portal\/index.php\/wp-json\/wp\/v2\/posts\/9534\/revisions\/9536"}],"wp:featuredmedia":[{"embeddable":true,"href":"https:\/\/dgospel.com.br\/portal\/index.php\/wp-json\/wp\/v2\/media\/9535"}],"wp:attachment":[{"href":"https:\/\/dgospel.com.br\/portal\/index.php\/wp-json\/wp\/v2\/media?parent=9534"}],"wp:term":[{"taxonomy":"category","embeddable":true,"href":"https:\/\/dgospel.com.br\/portal\/index.php\/wp-json\/wp\/v2\/categories?post=9534"},{"taxonomy":"post_tag","embeddable":true,"href":"https:\/\/dgospel.com.br\/portal\/index.php\/wp-json\/wp\/v2\/tags?post=9534"}],"curies":[{"name":"wp","href":"https:\/\/api.w.org\/{rel}","templated":true}]}}