{"id":9537,"date":"2021-10-06T11:13:28","date_gmt":"2021-10-06T14:13:28","guid":{"rendered":"http:\/\/dgospel.com.br\/portal\/?p=9537"},"modified":"2021-10-06T11:13:30","modified_gmt":"2021-10-06T14:13:30","slug":"formatura-de-oficiais-e-inauguracao-da-galeria-dos-governadores-marcam-programacao-de-aniversario-do-tocantins","status":"publish","type":"post","link":"https:\/\/dgospel.com.br\/portal\/index.php\/2021\/10\/06\/formatura-de-oficiais-e-inauguracao-da-galeria-dos-governadores-marcam-programacao-de-aniversario-do-tocantins\/","title":{"rendered":"Formatura de oficiais e inaugura\u00e7\u00e3o da Galeria dos Governadores marcam programa\u00e7\u00e3o de anivers\u00e1rio do Tocantins"},"content":{"rendered":"\n<p>Como parte da programa\u00e7\u00e3o de anivers\u00e1rio dos 33 anos de cria\u00e7\u00e3o do Tocantins, o governador Mauro Carlesse participou na noite dessa ter\u00e7a-feira, 5, da solenidade de formatura de policiais militares que participaram dos cursos de Habilita\u00e7\u00e3o de Oficiais da Administra\u00e7\u00e3o, M\u00fasicos e da Administra\u00e7\u00e3o da Sa\u00fade da Pol\u00edcia Militar do Tocantins (PMTO)&nbsp;e inaugurou a Galeria dos Governadores, no hall de entrada da ala sul do Pal\u00e1cio Araguaia. Ao todo 218 alunos conclu\u00edram o curso. Os eventos foram prestigiados por representantes de todos os poderes e das for\u00e7as de seguran\u00e7a do Estado, prefeitos e outras autoridades.<\/p>\n\n\n\n<p>Os cursos tiveram in\u00edcio em junho deste ano e foram moldados nos crit\u00e9rios estabelecidos em lei estadual e contemplaram as pra\u00e7as da gradua\u00e7\u00e3o de subtenente do Quadro de Pra\u00e7as Policiais Militares (QPPM), Quadro de Pra\u00e7as da Sa\u00fade (QPS) e Quadro de Pra\u00e7as Especialistas (QPE) aprovadas em processo seletivo interno da corpora\u00e7\u00e3o. Os cursos contaram com carga hor\u00e1ria de 800 horas\/aula, o equivalente a tr\u00eas meses e meio de dura\u00e7\u00e3o, onde os alunos receberam conhecimentos nas \u00e1reas jur\u00eddica e administrativa, al\u00e9m de procedimentos operacionais padr\u00e3o da PMTO.<\/p>\n\n\n\n<p>Com a conclus\u00e3o dos cursos os participantes passam a integrar o oficialato e deixam a carreira de pra\u00e7a para ocupar o primeiro posto de oficial da PMTO e est\u00e3o prontos para prestar um servi\u00e7o ainda mais qualificado \u00e0 sociedade tocantinense.<\/p>\n\n\n\n<p><strong>Cerim\u00f4nia<\/strong><\/p>\n\n\n\n<p>&nbsp;A cerim\u00f4nia de formatura iniciou com a apresenta\u00e7\u00e3o da tropa pelo comandante do batalh\u00e3o de desfile e dos formandos ao governador Mauro Carlesse. Depois da execu\u00e7\u00e3o do Hino Nacional Brasileiro pela Banda da Pol\u00edcia Militar do Estado do Tocantins foi realizada a leitura do ato de promo\u00e7\u00e3o dos formandos e &nbsp;a entrega de espadas pelos padrinhos e madrinhas. A segunda tenente Weliane Monteiro Dourado e o segundo tenente Cleyton Nascimento falaram em nome dos formandos e agradeceram ao Governador o apoio dispensado para realiza\u00e7\u00e3o dos cursos.<\/p>\n\n\n\n<p>Ap\u00f3s o descerramento da placa do curso de Habilita\u00e7\u00e3o de Oficiais da Administra\u00e7\u00e3o 2021 foi entregue uma homenagem ao governador Mauro Carlesse, ao presidente da Assembleia Legislativa, Ant\u00f4nio Andrade, e ao presidente do Tribunal de Justi\u00e7a, Jo\u00e3o Rigo Guimar\u00e3es, que foi representando pelo tenente coronel Jo\u00e3o M\u00e1rcio Costa.<\/p>\n\n\n\n<p>O governador Mauro Carlesse destacou a import\u00e2ncia da data que marcou o anivers\u00e1rio de 33 anos de cria\u00e7\u00e3o do Estado do Tocantins e em poder participar&nbsp;de uma solenidade de tamanha import\u00e2ncia para a Pol\u00edcia Militar. O Governador elogiou as for\u00e7as de seguran\u00e7a do Estado, em especial a PM, que, segundo ele, est\u00e1 entre as melhores do Brasil. \u201cO Tocantins conta com os melhores policiais do pa\u00eds e quanto mais preparados os senhores estiverem, mais condi\u00e7\u00f5es teremos de cuidar da nossa comunidade. Quero agradecer a Deus por nos dar essa oportunidade de proporcionar oportunidade \u00e0s pessoas que lutam, trabalham, estudam e fazem com que a sua profiss\u00e3o seja importante para a fam\u00edlia e para a comunidade e o Tocantins, com certeza, conta com os melhores policias\u201d, frisou.<\/p>\n\n\n\n<p>O presidente da Assembleia Legislativa,&nbsp;Ant\u00f4nio Andrade,&nbsp;lembrou que o 5 de outubro \u00e9 o dia da autonomia do Tocantins e uma data para lembrar daqueles que lutaram de forma direta pela causa e tamb\u00e9m pessoas como o governador Mauro Carlesse, que tem sido determinante nessa retomada do desenvolvimento do Estado. \u201cQuero cumprimentar o Governador e dizer da nossa satisfa\u00e7\u00e3o com essa parceria do Executivo com o Legislativo que permite hoje estarmos realizando um evento desta magnitude, homenageando os nossos policiais\u201d, destacou.<\/p>\n\n\n\n<p><strong>Galeria dos Governadores<\/strong><\/p>\n\n\n\n<p>A Galeria dos Governadores, inaugurada em comemora\u00e7\u00e3o aos 33 anos de cria\u00e7\u00e3o do Tocantins, constitui um espa\u00e7o que re\u00fane quadros com fotos de todos os ex-governadores do Estado. Localizada no hall de entrada do Pal\u00e1cio Araguaia, na ala sul, o espa\u00e7o conta com fotos dos sete gestores do Tocantins. A solenidade contou com a presen\u00e7a de ex-governadores e representantes de ex-governadores.<\/p>\n\n\n\n<p>Durante a solenidade foram realizadas apresenta\u00e7\u00f5es musicais de Gen\u00e9sio Tocantins, al\u00e9m de apresenta\u00e7\u00f5es de &nbsp;s\u00fassia e dos catireiros de Natividade. J\u00e1 os quadros foram pintados pelo artista pl\u00e1stico Jonh Oliveira, de Aragua\u00edna.<\/p>\n\n\n\n<p>Para o governador Mauro Carlesse, no dia em que se comemora os 33 anos do Tocantins \u00e9 importante inaugurar um espa\u00e7o que homenageia pessoas que governaram o Estado e, cada um no seu tempo, deram a sua contribui\u00e7\u00e3o para desenvolvimento da regi\u00e3o. \u201cAqui homenageamos os l\u00edderes pioneiros, aqueles que constru\u00edram as primeiras obras estruturantes e a nossa capital Palmas, bem como, os que deram continuidade ao trabalho de modernizar e consolidar o &nbsp;Estado\u201d, ressaltou.<br>&nbsp;<\/p>\n\n\n\n<p>\u201c\u00c9 um momento importante na minha vida e quero agradecer o governador Mauro Carlesse por essa atitude\u201d, ressaltou o ex-governador Raimundo Pires dos Santos, que frisou que este 5 de outubro foi uma data para relembrar tudo que tem acontecido de bom desde a implanta\u00e7\u00e3o do Estado e isso vai se eternizar na mem\u00f3ria de quem visitar o Pal\u00e1cio Araguaia.<br>&nbsp;<\/p>\n\n\n\n<p>A galeria conta com os quadros dos ex-governadores Siqueira Campos, que governou por quatro mandatos (1989-1991\/1995-1998\/1999-2002\/2011-2014); Mois\u00e9s Avelino, no per\u00edodo de 1991 a 1994; Raimundo Pires do Santos, 1998; Marcelo Miranda, 2003-2006\/2007-2009\/2015-2018; Carlos Henrique Amorim, 2009-2010; Sandoval Cardoso, 2014; e Mauro Carlesse, 2018\/ 2019-2022.<\/p>\n\n\n\n<p><strong>Fonte Luminosa<\/strong><\/p>\n\n\n\n<p>Tamb\u00e9m foi reinaugurada a Fonte Luminosa, localizada no lado norte da Pra\u00e7a dos Girass\u00f3is. Com jatos de \u00e1gua que podem chegar at\u00e9 15 metros de altura, a fonte passou por manuten\u00e7\u00e3o e recebeu nova ilumina\u00e7\u00e3o.<\/p>\n\n\n\n<figure class=\"wp-block-image\"><img src=\"https:\/\/central.to.gov.br\/image\/265169?w=565&amp;h=349\" alt=\"\"\/><\/figure>\n\n\n\n<p>Solenidade de inaugura\u00e7\u00e3o da galeria contou com a presen\u00e7a de ex-governadores e representantes de ex-governadores &#8211; Esequias Ara\u00fajo\/Governo do Tocantins<\/p>\n\n\n\n<figure class=\"wp-block-image\"><img src=\"https:\/\/central.to.gov.br\/image\/265173?w=565&amp;h=349\" alt=\"\"\/><\/figure>\n\n\n\n<p>Galeria dos Governadores constitui um espa\u00e7o que re\u00fane quadros com fotos de todos os ex-governadores do Estado &#8211; Esequias Ara\u00fajo\/Governo do Tocantins<\/p>\n\n\n\n<figure class=\"wp-block-image\"><img src=\"https:\/\/central.to.gov.br\/image\/265181?w=565&amp;h=349\" alt=\"\"\/><\/figure>\n\n\n\n<p>Governador Carlesse prestigiando apresenta\u00e7\u00e3o de s\u00fassia durante evento &#8211; Esequias Ara\u00fajo\/Governo do Tocantins<\/p>\n\n\n\n<figure class=\"wp-block-image\"><img src=\"https:\/\/central.to.gov.br\/image\/265184?w=565&amp;h=349\" alt=\"\"\/><\/figure>\n\n\n\n<p>Formatura de oficiais e inaugura\u00e7\u00e3o da Galeria dos Governadores contou com apresenta\u00e7\u00f5es dos catireiros de Natividade &#8211; Esequias Ara\u00fajo\/Governo do Tocantins<\/p>\n\n\n\n<figure class=\"wp-block-image\"><img src=\"https:\/\/central.to.gov.br\/image\/265175?w=565&amp;h=349\" alt=\"\"\/><\/figure>\n\n\n\n<p>Foram formados 218 policiais militares que participaram dos cursos de Habilita\u00e7\u00e3o de Oficiais da Administra\u00e7\u00e3o, M\u00fasicos e da Administra\u00e7\u00e3o da Sa\u00fade &#8211; Esequias Ara\u00fajo\/Governo do Tocantins<\/p>\n\n\n\n<figure class=\"wp-block-image\"><img src=\"https:\/\/central.to.gov.br\/image\/265171?w=565&amp;h=349\" alt=\"\"\/><\/figure>\n\n\n\n<p>Tamb\u00e9m foi reinaugurada a Fonte Luminosa, localizada no lado norte da Pra\u00e7a dos Girass\u00f3is &#8211; Esequias Ara\u00fajo\/Governo do Tocantins<br><\/p>\n","protected":false},"excerpt":{"rendered":"<p>Como parte da programa\u00e7\u00e3o de anivers\u00e1rio dos 33 anos de cria\u00e7\u00e3o do Tocantins, o governador Mauro Carlesse participou na noite dessa ter\u00e7a-feira, 5, da solenidade de formatura de policiais militares que participaram dos cursos de Habilita\u00e7\u00e3o de Oficiais da Administra\u00e7\u00e3o, M\u00fasicos e da Administra\u00e7\u00e3o da Sa\u00fade da Pol\u00edcia Militar do Tocantins (PMTO)&nbsp;e inaugurou a Galeria [&hellip;]<\/p>\n","protected":false},"author":2,"featured_media":9538,"comment_status":"open","ping_status":"open","sticky":false,"template":"","format":"standard","meta":[],"categories":[3],"tags":[13],"_links":{"self":[{"href":"https:\/\/dgospel.com.br\/portal\/index.php\/wp-json\/wp\/v2\/posts\/9537"}],"collection":[{"href":"https:\/\/dgospel.com.br\/portal\/index.php\/wp-json\/wp\/v2\/posts"}],"about":[{"href":"https:\/\/dgospel.com.br\/portal\/index.php\/wp-json\/wp\/v2\/types\/post"}],"author":[{"embeddable":true,"href":"https:\/\/dgospel.com.br\/portal\/index.php\/wp-json\/wp\/v2\/users\/2"}],"replies":[{"embeddable":true,"href":"https:\/\/dgospel.com.br\/portal\/index.php\/wp-json\/wp\/v2\/comments?post=9537"}],"version-history":[{"count":1,"href":"https:\/\/dgospel.com.br\/portal\/index.php\/wp-json\/wp\/v2\/posts\/9537\/revisions"}],"predecessor-version":[{"id":9539,"href":"https:\/\/dgospel.com.br\/portal\/index.php\/wp-json\/wp\/v2\/posts\/9537\/revisions\/9539"}],"wp:featuredmedia":[{"embeddable":true,"href":"https:\/\/dgospel.com.br\/portal\/index.php\/wp-json\/wp\/v2\/media\/9538"}],"wp:attachment":[{"href":"https:\/\/dgospel.com.br\/portal\/index.php\/wp-json\/wp\/v2\/media?parent=9537"}],"wp:term":[{"taxonomy":"category","embeddable":true,"href":"https:\/\/dgospel.com.br\/portal\/index.php\/wp-json\/wp\/v2\/categories?post=9537"},{"taxonomy":"post_tag","embeddable":true,"href":"https:\/\/dgospel.com.br\/portal\/index.php\/wp-json\/wp\/v2\/tags?post=9537"}],"curies":[{"name":"wp","href":"https:\/\/api.w.org\/{rel}","templated":true}]}}