{"id":9543,"date":"2021-10-06T11:26:57","date_gmt":"2021-10-06T14:26:57","guid":{"rendered":"http:\/\/dgospel.com.br\/portal\/?p=9543"},"modified":"2021-10-06T11:26:59","modified_gmt":"2021-10-06T14:26:59","slug":"bispo-abner-ferreira-participa-de-evento-ecumenico-no-vaticano","status":"publish","type":"post","link":"https:\/\/dgospel.com.br\/portal\/index.php\/2021\/10\/06\/bispo-abner-ferreira-participa-de-evento-ecumenico-no-vaticano\/","title":{"rendered":"Bispo Abner Ferreira participa de evento ecum\u00eanico no Vaticano"},"content":{"rendered":"\n<p> O bispo Abner Ferreira, da Assembleia de Deus Minist\u00e9rio Madureira, esteve presente no evento F\u00e9 e Ci\u00eancia: rumo \u00e0 COP26, promovido pelo Vaticano. O encontro teve a presen\u00e7a do papa Francisco e recebeu 22 representantes de outras religi\u00f5es, al\u00e9m de cientistas. <\/p>\n\n\n\n<figure class=\"wp-block-image\"><img src=\"https:\/\/static.cdn.pleno.news\/2021\/10\/Screenshot-79.png\" alt=\"\" class=\"wp-image-816262\"\/><\/figure>\n\n\n\n<p>Bispo Abner Ferreira discursa para l\u00edderes religiosos no Vaticano\u00a0Foto: Reprodu\u00e7\u00e3o YouTube <\/p>\n\n\n\n<p> O encontro foi convocado para a assinatura em conjunto de um apelo \u00e0s autoridades globais que estar\u00e3o na COP26, a Confer\u00eancia das Na\u00e7\u00f5es Unidas sobre Mudan\u00e7a Clim\u00e1tica. O documento pede que as na\u00e7\u00f5es desenvolvidas se comprometam em reduzir a pr\u00f3pria emiss\u00e3o de g\u00e1s carb\u00f4nico e ajudem a financiar a redu\u00e7\u00e3o de poluentes em pa\u00edses pobres. <\/p>\n\n\n\n<p>Em seu discurso, Ferreira citou a B\u00edblia e a import\u00e2ncia do zelo pelo meio ambiente.<\/p>\n\n\n\n<p>\u2013 Foi Deus quem responsabilizou homens sobre esta tarefa [cuidar do meio ambiente]. G\u00eanesis 2:15 est\u00e1 escrito: \u2018Tomou pois o Senhor Deus o homem e o p\u00f4s no Jardim do \u00c9den, para o lavrar e o guardar\u2019. Trabalhar e proteger, proteger e trabalhar. O crist\u00e3o n\u00e3o deve violar os mandamentos de Deus quanto \u00e0 preserva\u00e7\u00e3o das esp\u00e9cies por causa do progresso \u2013 declarou.<\/p>\n\n\n\n<p>O evento ecum\u00eanico tamb\u00e9m contou com uma ora\u00e7\u00e3o silenciosa, conduzida pelo diretor da Sala de Imprensa da Santa S\u00e9, Matteo Brunni.<\/p>\n\n\n\n<p>A COP26 acontecer\u00e1 entre os dias 31 de outubro e 12 de novembro, em Glasgow, na Esc\u00f3cia.<\/p>\n\n\n\n<p><strong>LEIA NA \u00cdNTEGRA O DISCURSO DO BISPO ABNER FERREIRA<br><\/strong><em>Cumprimento Sua Santidade, papa Francisco, meu irm\u00e3o da Rep\u00fablica Argentina; cumprimentando Sua Santidade, cumprimento todos os demais l\u00edderes que est\u00e3o participando desse evento, sendo acolhidos aqui pelo papa Francisco. E em nome das Assembleias de Deus no Brasil, Minist\u00e9rio de Madureira, n\u00f3s estamos juntos nesse mesmo prop\u00f3sito: a tarefa principal da Igreja \u00e9 anunciar as boas novas de Salva\u00e7\u00e3o em Cristo Jesus.<\/em><\/p>\n\n\n\n<p><em>Mas, isto n\u00e3o nos isenta de preocupar-se (sic) com a quest\u00e3o ecol\u00f3gica. Foi Deus quem responsabilizou homens sobre esta tarefa. G\u00eanesis 2:15 est\u00e1 escrito: \u2018Tomou pois o Senhor Deus o homem e o p\u00f4s no Jardim do \u00c9den, para o lavrar e o guardar\u2019. Trabalhar e proteger, proteger e trabalhar. O crist\u00e3o n\u00e3o deve violar os mandamentos de Deus quanto \u00e0 preserva\u00e7\u00e3o das esp\u00e9cies por causa do progresso.<\/em><\/p>\n\n\n\n<p><em>A preserva\u00e7\u00e3o do meio ambiente n\u00e3o \u00e9 responsabilidade apenas dos governantes. O zelo pelo local onde vivemos \u00e9 tarefa de cada um de n\u00f3s, pois \u00e9, antes de tudo, a nossa casa, o nosso patrim\u00f4nio, o nosso bem maior, a nossa heran\u00e7a.<\/em><\/p>\n\n\n\n<p><em>O que podemos fazer para reduzir a polui\u00e7\u00e3o e os impactos ambientais? A preserva\u00e7\u00e3o do meio ambiente est\u00e1 intrinsecamente ligada ao homem, ao que ele tem e ao que pode deixar de legado para as futuras gera\u00e7\u00f5es. O cuidado com o planeta Terra pode ser feito tanto no \u00e2mbito da coletividade, quanto na individualidade. H\u00e1bitos simples podem gerar enormes mudan\u00e7as. Uma mente renovada e sadia pensa com qualidade acerca do ambiente em que vive, em total harmonia com a natureza. Salmo 24:1,2, disse o salmista: \u2018Do Senhor \u00e9 a terra e a sua plenitude, o mundo e todos aqueles que nele habitam, porque Ele a fundou sobre os mares e a firmou sobre os rios\u2019.<\/em><\/p>\n\n\n\n<p><em>Que Deus aben\u00e7oe a todos os que participam desse evento. Eu encerro as minhas palavras lembrando uma palavra que meu querido papai, bispo primaz Manoel Ferreira, que tem 67 anos de sacerd\u00f3cio, e nesse epis\u00f3dio da pandemia, eu conversando com ele e falando \u2018pai, qual sua vis\u00e3o sobre isso, o que est\u00e1 acontecendo, o que a humanidade deve fazer?\u2019, e ele disse \u2018meu filho, acima da ci\u00eancia, s\u00f3 Deus\u2019. Essa pandemia serviu para nos trazer uma reflex\u00e3o: que n\u00f3s s\u00f3 temos uma escapat\u00f3ria, nos unirmos pelo bem comum, pela preserva\u00e7\u00e3o do lugar onde Deus nos colocou para viver (sic). Muito obrigado, Deus aben\u00e7oe.<\/em><\/p>\n\n\n\n<p><\/p>\n","protected":false},"excerpt":{"rendered":"<p>O bispo Abner Ferreira, da Assembleia de Deus Minist\u00e9rio Madureira, esteve presente no evento F\u00e9 e Ci\u00eancia: rumo \u00e0 COP26, promovido pelo Vaticano. O encontro teve a presen\u00e7a do papa Francisco e recebeu 22 representantes de outras religi\u00f5es, al\u00e9m de cientistas. Bispo Abner Ferreira discursa para l\u00edderes religiosos no Vaticano\u00a0Foto: Reprodu\u00e7\u00e3o YouTube O encontro foi [&hellip;]<\/p>\n","protected":false},"author":2,"featured_media":9544,"comment_status":"open","ping_status":"open","sticky":false,"template":"","format":"standard","meta":[],"categories":[5],"tags":[],"_links":{"self":[{"href":"https:\/\/dgospel.com.br\/portal\/index.php\/wp-json\/wp\/v2\/posts\/9543"}],"collection":[{"href":"https:\/\/dgospel.com.br\/portal\/index.php\/wp-json\/wp\/v2\/posts"}],"about":[{"href":"https:\/\/dgospel.com.br\/portal\/index.php\/wp-json\/wp\/v2\/types\/post"}],"author":[{"embeddable":true,"href":"https:\/\/dgospel.com.br\/portal\/index.php\/wp-json\/wp\/v2\/users\/2"}],"replies":[{"embeddable":true,"href":"https:\/\/dgospel.com.br\/portal\/index.php\/wp-json\/wp\/v2\/comments?post=9543"}],"version-history":[{"count":1,"href":"https:\/\/dgospel.com.br\/portal\/index.php\/wp-json\/wp\/v2\/posts\/9543\/revisions"}],"predecessor-version":[{"id":9545,"href":"https:\/\/dgospel.com.br\/portal\/index.php\/wp-json\/wp\/v2\/posts\/9543\/revisions\/9545"}],"wp:featuredmedia":[{"embeddable":true,"href":"https:\/\/dgospel.com.br\/portal\/index.php\/wp-json\/wp\/v2\/media\/9544"}],"wp:attachment":[{"href":"https:\/\/dgospel.com.br\/portal\/index.php\/wp-json\/wp\/v2\/media?parent=9543"}],"wp:term":[{"taxonomy":"category","embeddable":true,"href":"https:\/\/dgospel.com.br\/portal\/index.php\/wp-json\/wp\/v2\/categories?post=9543"},{"taxonomy":"post_tag","embeddable":true,"href":"https:\/\/dgospel.com.br\/portal\/index.php\/wp-json\/wp\/v2\/tags?post=9543"}],"curies":[{"name":"wp","href":"https:\/\/api.w.org\/{rel}","templated":true}]}}