{"id":955,"date":"2018-08-09T13:41:38","date_gmt":"2018-08-09T16:41:38","guid":{"rendered":"http:\/\/dgospel.com.br\/portal\/?p=955"},"modified":"2018-08-09T13:41:38","modified_gmt":"2018-08-09T16:41:38","slug":"legalizacao-do-aborto-e-rejeitada-pelo-senado-da-argentina","status":"publish","type":"post","link":"https:\/\/dgospel.com.br\/portal\/index.php\/2018\/08\/09\/legalizacao-do-aborto-e-rejeitada-pelo-senado-da-argentina\/","title":{"rendered":"Legaliza\u00e7\u00e3o do aborto \u00e9 rejeitada pelo Senado da Argentina"},"content":{"rendered":"<p>O Senado da Argentina rejeitou na madrugada desta quinta-feira (9), um projeto de lei para legalizar o aborto eletivo (dependente apenas da vontade da gestante), o que significou uma derrota para um movimento de base, que chegou mais perto do que nunca de conseguir a descriminaliza\u00e7\u00e3o do procedimento na terra natal do Papa Francisco.<\/p>\n<p>Os legisladores debateram por mais de 15 horas e participaram de uma vota\u00e7\u00e3o que resultou em 38 a 31 contra a medida que visava legalizado o aborto eletivo nas primeiras 14 semanas de gravidez. A decis\u00e3o pode ecoar em toda a Am\u00e9rica Latina, onde a Igreja Cat\u00f3lica Romana tem perdido influ\u00eancia e autoridade moral.<\/p>\n<p>Por longas horas, milhares de manifestantes contra e a favor \u00e0 legaliza\u00e7\u00e3o ocuparam as ruas de Buenos Aires. Os favor\u00e1veis ao aborto usavam len\u00e7os verdes, que representam o esfor\u00e7o para legalizar o aborto, enquanto os opositores da medida vestiam azul claro. A manifesta\u00e7\u00e3o ocorreu mesmo sob chuva forte e as temperaturas frias do inverno da Argentina e os manifestantes assistiram ao debate em tel\u00f5es montados do lado de fora do Congresso.<\/p>\n<p>As manifesta\u00e7\u00f5es foram em grande parte pac\u00edficas, mas ap\u00f3s a vota\u00e7\u00e3o, pequenos grupos de manifestantes entraram em confronto com a pol\u00edcia, lan\u00e7ando bombas incendi\u00e1rias e montando barricadas de fogo. Os policiais responderam com g\u00e1s lacrimog\u00eaneo.<\/p>\n<p>Pressionada por uma onda de manifesta\u00e7\u00f5es de grupos de mulheres, a C\u00e2mara dos Deputados j\u00e1 havia aprovado a medida e o presidente conservador, Mauricio Macri, disse que a assinaria, apesar de ser contra o aborto.<\/p>\n<p>&#8220;Independentemente do resultado, hoje a democracia vence&#8221;, disse Macri antes da vota\u00e7\u00e3o.<\/p>\n<p>Na Argentina, o aborto s\u00f3 \u00e9 permitido em casos de estupro e riscos \u00e0 sa\u00fade da mulher. Milhares de mulheres, a maioria delas pobres, s\u00e3o hospitalizadas todos os anos devido a complica\u00e7\u00f5es causadas pela realiza\u00e7\u00e3o de abortos.<\/p>\n<p>Os defensores da medida disseram que legalizar o aborto salvaria a vida de muitas mulheres. O Minist\u00e9rio da Sa\u00fade estimou em 2016 que o pa\u00eds v\u00ea cerca de meio milh\u00e3o de abortos clandestinos a cada ano, com dezenas de mulheres morrendo como resultado. A Igreja Cat\u00f3lica e outros grupos se opuseram, dizendo que a proposta violava a lei argentina, que garante a vida desde o momento da concep\u00e7\u00e3o.<\/p>\n<p><strong>Tens\u00e3o<\/strong><\/p>\n<p>A poss\u00edvel aprova\u00e7\u00e3o da medida estava preocupando centenas de m\u00e9dicos argentinos que se op\u00f5em ao aborto por raz\u00f5es pessoais, como cren\u00e7as religiosas ou valores morais.<\/p>\n<p>Dias atr\u00e1s, funcion\u00e1rios de pelo menos 300 hospitais argentinos foram \u00e0s ruas para protestar contra a medida, afirmando que temiam serem presos, caso a lei fosse aprovada e se recusassem a realizar abortos posteriormente \u00e0 san\u00e7\u00e3o da proposta. A tens\u00e3o dos m\u00e9dicos pr\u00f3-vida se baseava na falta de clareza da lei quanto \u00e0s penalidades previstas para os profissionais de sa\u00fade quem se opusessem ao aborto.<\/p>\n<p>&#8220;Os m\u00e9dicos n\u00e3o podem trabalhar sob a amea\u00e7a da pris\u00e3o&#8221;, disse Maria de los Angeles Carmona, chefe de ginecologia do hospital estatal Eva Peron.<\/p>\n<p>&#8220;At\u00e9 onde estamos dispostos a ir? Pris\u00e3o&#8221;, disse Ernesto Beruti, chefe de obstetr\u00edcia do Hospital da Universidade Austral. &#8220;Mesmo que a lei seja aprovada, n\u00e3o vou eliminar a vida de um ser humano. O direito mais importante \u00e9 o direito de viver&#8221;.<\/p>\n<p>Durante a vota\u00e7\u00e3o, enquanto milhares esperavam pela decis\u00e3o nas ruas sob seus guarda-chuvas, outros se reuniram na noite de quarta-feira em uma &#8220;Vig\u00edlia pela Vida&#8221; na Catedral Metropolitana.<\/p>\n<p>&#8220;N\u00e3o se trata de cren\u00e7as religiosas, mas de uma raz\u00e3o humanit\u00e1ria&#8221;, disse o cardeal Mario Poli, arcebispo de Buenos Aires. &#8220;Cuidar da vida \u00e9 o primeiro direito humano e o dever do Estado&#8221;.<\/p>\n<p><strong>Fonte: Guia-me \/ com informa\u00e7\u00f5es da Fox News\u00a0<\/strong><\/p>\n","protected":false},"excerpt":{"rendered":"<p>O Senado da Argentina rejeitou na madrugada desta quinta-feira (9), um projeto de lei para legalizar o aborto eletivo (dependente apenas da vontade da gestante), o que significou uma derrota para um movimento de base, que chegou mais perto do que nunca de conseguir a descriminaliza\u00e7\u00e3o do procedimento na terra natal do Papa Francisco. Os [&hellip;]<\/p>\n","protected":false},"author":2,"featured_media":956,"comment_status":"open","ping_status":"open","sticky":false,"template":"","format":"standard","meta":[],"categories":[2,10,5],"tags":[],"_links":{"self":[{"href":"https:\/\/dgospel.com.br\/portal\/index.php\/wp-json\/wp\/v2\/posts\/955"}],"collection":[{"href":"https:\/\/dgospel.com.br\/portal\/index.php\/wp-json\/wp\/v2\/posts"}],"about":[{"href":"https:\/\/dgospel.com.br\/portal\/index.php\/wp-json\/wp\/v2\/types\/post"}],"author":[{"embeddable":true,"href":"https:\/\/dgospel.com.br\/portal\/index.php\/wp-json\/wp\/v2\/users\/2"}],"replies":[{"embeddable":true,"href":"https:\/\/dgospel.com.br\/portal\/index.php\/wp-json\/wp\/v2\/comments?post=955"}],"version-history":[{"count":1,"href":"https:\/\/dgospel.com.br\/portal\/index.php\/wp-json\/wp\/v2\/posts\/955\/revisions"}],"predecessor-version":[{"id":957,"href":"https:\/\/dgospel.com.br\/portal\/index.php\/wp-json\/wp\/v2\/posts\/955\/revisions\/957"}],"wp:featuredmedia":[{"embeddable":true,"href":"https:\/\/dgospel.com.br\/portal\/index.php\/wp-json\/wp\/v2\/media\/956"}],"wp:attachment":[{"href":"https:\/\/dgospel.com.br\/portal\/index.php\/wp-json\/wp\/v2\/media?parent=955"}],"wp:term":[{"taxonomy":"category","embeddable":true,"href":"https:\/\/dgospel.com.br\/portal\/index.php\/wp-json\/wp\/v2\/categories?post=955"},{"taxonomy":"post_tag","embeddable":true,"href":"https:\/\/dgospel.com.br\/portal\/index.php\/wp-json\/wp\/v2\/tags?post=955"}],"curies":[{"name":"wp","href":"https:\/\/api.w.org\/{rel}","templated":true}]}}