{"id":9552,"date":"2021-10-08T08:51:57","date_gmt":"2021-10-08T11:51:57","guid":{"rendered":"http:\/\/dgospel.com.br\/portal\/?p=9552"},"modified":"2021-10-08T08:51:58","modified_gmt":"2021-10-08T11:51:58","slug":"janaina-paschoal-senadores-deveriam-indenizar-o-brasil-por-recursos-gastos-na-cpi","status":"publish","type":"post","link":"https:\/\/dgospel.com.br\/portal\/index.php\/2021\/10\/08\/janaina-paschoal-senadores-deveriam-indenizar-o-brasil-por-recursos-gastos-na-cpi\/","title":{"rendered":"Janaina Paschoal: \u2018Senadores deveriam indenizar o Brasil por recursos gastos na CPI\u2019"},"content":{"rendered":"\n<p>Em uma publica\u00e7\u00e3o realizada em suas redes sociais, a deputada estadual de S\u00e3o Paulo Janaina Paschoal (PSL) criticou a Comiss\u00e3o Parlamentar de Inqu\u00e9rito (CPI) da Covid por se posicionar contra o chamado \u2018tratamento precoce\u2019 para a doen\u00e7a. Em um longo post no Twitter, ela disse que \u201cvivemos uma situa\u00e7\u00e3o t\u00e3o rid\u00edcula, que \u00e9 dif\u00edcil acreditar que seja verdade\u201d.<\/p>\n\n\n\n<p>Em sua publica\u00e7\u00e3o, ela apontou que \u201cem meio a uma pandemia, m\u00e9dicos DEVEM tentar TUDO contra o inimigo desconhecido\u201d. Ressaltou, no entanto, que \u201c\u00e9 f\u00e1cil, agora, olhar para tr\u00e1s e dizer que os medicamentos n\u00e3o funcionam\u201d.<\/p>\n\n\n\n<p>Ela ainda desafiou jornalistas a \u201cperguntar aos Senadores, que tiveram Covid como foi o tratamento deles\u201d e deixou claro ter \u201cNOJO dessa hipocrisia toda\u201d.<\/p>\n\n\n\n<p>Por fim, ela concluiu que os \u201csenadores deveriam indenizar o Brasil, pelos recursos gastos com essa CPI\u201d<\/p>\n\n\n\n<p><strong>Leia o que disse a deputada:<\/strong><\/p>\n\n\n\n<p><em>Fulano foi vacinado, mas pegou COVID e morreu: Isso n\u00e3o significa que as vacinas n\u00e3o funcionem! Com exce\u00e7\u00e3o do \u00f4nibus, do metr\u00f4 e do Carnaval, ningu\u00e9m pode ficar sem m\u00e1scaras, aglomerar, trabalhar ou estudar!<\/em><\/p>\n\n\n\n<p><em>Beltrano j\u00e1 estava com COVID, foi medicado e morreu. Essa morte prova que prescrever rem\u00e9dios para doentes MATA! Prendam-se os m\u00e9dicos, fechem-se os hospitais! E ainda tem bloguinho dizendo que a xarope sou eu!<\/em><\/p>\n\n\n\n<p><em>Vivemos uma situa\u00e7\u00e3o t\u00e3o rid\u00edcula, que \u00e9 dif\u00edcil acreditar que seja verdade. Algum jornalista deveria perguntar aos Senadores, que tiveram COVID, como foi o tratamento deles. Eu tenho NOJO dessa hipocrisia toda.<\/em><\/p>\n\n\n\n<p><em>E tem gente comparando o caso ao Petr\u00f3l\u00e3o! Tomem vergonha na cara! No Petrol\u00e3o, o Governo de plant\u00e3o deu BILH\u00d5ES por obras nos pa\u00edses \u201camigos\u201d. Amigos deles, n\u00e3o nossos!<\/em><\/p>\n\n\n\n<p><em>Em meio a uma pandemia, m\u00e9dicos DEVEM tentar TUDO contra o inimigo desconhecido. \u00c9 f\u00e1cil, agora, olhar para tr\u00e1s e dizer que os medicamentos n\u00e3o funcionam\u2026. n\u00e3o foram seguidos os ritos das pesquisas. Que pesquisa? Aquilo era busca de tratamento, cen\u00e1rio de guerra!<\/em><\/p>\n\n\n\n<p><em>Os soldados do front ainda tomaram o cuidado de observar e relatar as rea\u00e7\u00f5es \u00e0s v\u00e1rias tentativas de tratamento. Registraram tudo. Publicaram! Por que, agora, o que foi feito \u00e0 luz do dia virou crime? Os Senadores deveriam indenizar o Brasil, pelos recursos gastos com essa CPI!<\/em><\/p>\n\n\n\n<figure class=\"wp-block-image\"><img src=\"https:\/\/static.cdn.pleno.news\/2021\/10\/Jana.png\" alt=\"\" class=\"wp-image-817643\"\/><\/figure>\n","protected":false},"excerpt":{"rendered":"<p>Em uma publica\u00e7\u00e3o realizada em suas redes sociais, a deputada estadual de S\u00e3o Paulo Janaina Paschoal (PSL) criticou a Comiss\u00e3o Parlamentar de Inqu\u00e9rito (CPI) da Covid por se posicionar contra o chamado \u2018tratamento precoce\u2019 para a doen\u00e7a. Em um longo post no Twitter, ela disse que \u201cvivemos uma situa\u00e7\u00e3o t\u00e3o rid\u00edcula, que \u00e9 dif\u00edcil acreditar [&hellip;]<\/p>\n","protected":false},"author":2,"featured_media":9553,"comment_status":"open","ping_status":"open","sticky":false,"template":"","format":"standard","meta":[],"categories":[4],"tags":[14],"_links":{"self":[{"href":"https:\/\/dgospel.com.br\/portal\/index.php\/wp-json\/wp\/v2\/posts\/9552"}],"collection":[{"href":"https:\/\/dgospel.com.br\/portal\/index.php\/wp-json\/wp\/v2\/posts"}],"about":[{"href":"https:\/\/dgospel.com.br\/portal\/index.php\/wp-json\/wp\/v2\/types\/post"}],"author":[{"embeddable":true,"href":"https:\/\/dgospel.com.br\/portal\/index.php\/wp-json\/wp\/v2\/users\/2"}],"replies":[{"embeddable":true,"href":"https:\/\/dgospel.com.br\/portal\/index.php\/wp-json\/wp\/v2\/comments?post=9552"}],"version-history":[{"count":1,"href":"https:\/\/dgospel.com.br\/portal\/index.php\/wp-json\/wp\/v2\/posts\/9552\/revisions"}],"predecessor-version":[{"id":9554,"href":"https:\/\/dgospel.com.br\/portal\/index.php\/wp-json\/wp\/v2\/posts\/9552\/revisions\/9554"}],"wp:featuredmedia":[{"embeddable":true,"href":"https:\/\/dgospel.com.br\/portal\/index.php\/wp-json\/wp\/v2\/media\/9553"}],"wp:attachment":[{"href":"https:\/\/dgospel.com.br\/portal\/index.php\/wp-json\/wp\/v2\/media?parent=9552"}],"wp:term":[{"taxonomy":"category","embeddable":true,"href":"https:\/\/dgospel.com.br\/portal\/index.php\/wp-json\/wp\/v2\/categories?post=9552"},{"taxonomy":"post_tag","embeddable":true,"href":"https:\/\/dgospel.com.br\/portal\/index.php\/wp-json\/wp\/v2\/tags?post=9552"}],"curies":[{"name":"wp","href":"https:\/\/api.w.org\/{rel}","templated":true}]}}