{"id":9562,"date":"2021-10-11T09:49:30","date_gmt":"2021-10-11T12:49:30","guid":{"rendered":"http:\/\/dgospel.com.br\/portal\/?p=9562"},"modified":"2021-10-11T09:49:31","modified_gmt":"2021-10-11T12:49:31","slug":"karina-bacchi-relata-paz-inigualavel-apos-entregar-sua-vida-a-jesus-ele-me-direciona","status":"publish","type":"post","link":"https:\/\/dgospel.com.br\/portal\/index.php\/2021\/10\/11\/karina-bacchi-relata-paz-inigualavel-apos-entregar-sua-vida-a-jesus-ele-me-direciona\/","title":{"rendered":"Karina Bacchi relata \u2018paz inigual\u00e1vel\u2019 ap\u00f3s entregar sua vida a Jesus: \u2018Ele me direciona\u2019"},"content":{"rendered":"\n<p> A atriz Karina Bacchi afirmou que sua convers\u00e3o ao Evangelho e o aprendizado sobre as Escrituras a tornaram uma pessoa mais madura, e que chega aos 45 anos vivendo \u201cuma paz inigual\u00e1vel\u201d. <\/p>\n\n\n\n<p>2021, segundo a\natriz, \u201co ano mais especial de todos\u201d por entender que a f\u00e9 crist\u00e3 \u00e9 viva:\n\u201cSempre acreditei em Deus e procurei fazer o bem, mas nunca entreguei minha\nvida totalmente a Ele. Era confiante e realizadora, e achava que meu papel na\nTerra era realizar pelas minhas pr\u00f3prias m\u00e3os\u2026 Hoje sei que minhas grandes\nvit\u00f3rias eu conquistei porque Deus esteve l\u00e1\u201d, declarou.<\/p>\n\n\n\n<p>Meses atr\u00e1s, ela\nfalou sobre esse processo em sua conta no Instagram, dizendo que \u201cchegou o\nmomento em que eu realmente&nbsp;<a href=\"https:\/\/noticias.gospelmais.com.br\/karina-bacchi-transformacao-sedenta-palavra-deus-147438.html\"><strong>resolvi entregar\nisso para Deus<\/strong><\/a>\u201d, referindo-se aos rumos de sua vida.<\/p>\n\n\n\n<p>Casada com o\nempres\u00e1rio Amaury Nunes, Karina Bacchi afirmou que sua uni\u00e3o foi transformada:\n\u201cBuscamos Deus. Primeiramente eu, em ora\u00e7\u00e3o, e depois meu esposo. Hoje\nentendemos a diferen\u00e7a de um lar constru\u00eddo com Deus, com entrega, com o\nEsp\u00edrito Santo guiando, dando entendimento, paci\u00eancia, nos moldando com amor\u201d.<\/p>\n\n\n\n<p>Parte dessa transforma\u00e7\u00e3o\naconteceu nela pr\u00f3pria, que adquiriu a maturidade de que a vida em fam\u00edlia n\u00e3o\ndeve ser exposta nas redes sociais. Ap\u00f3s superar uma crise com o marido, ela\nentendeu que os assuntos pessoais ficam \u201cdentro de casa\u201d: \u201cMeu casamento foi\ntransformado, restaurado porque buscamos Deus\u201d, enfatizou.<\/p>\n\n\n\n<p>Essa mudan\u00e7a de\npostura contrasta com o passado da atriz, que em 2009 venceu um dos&nbsp;<em>reality\nshows<\/em>&nbsp;mais famosos do pa\u00eds,&nbsp;<em>A Fazenda 2<\/em>: \u201cPrefiro n\u00e3o\nexpor todos os momentos mais a todo instante. Cada coisa em seu tempo e no\ntempo que Deus direcionar. Estamos tranquilos vivendo cada dia com amor,\ngratid\u00e3o e confian\u00e7a\u201d, declarou, na entrevista ao&nbsp;<a href=\"https:\/\/natelinha.uol.com.br\/famosos\/2021\/10\/08\/aos-45-karina-bacchi-usa-fe-para-espantar-crises-apos-conversao-paz-inigualavel-170780.php\" target=\"_blank\" rel=\"noreferrer noopener\"><em>Na Telinha<\/em><\/a>.<\/p>\n\n\n\n<p>\u201cHoje sei que\nminhas grandes vit\u00f3rias eu conquistei porque Deus esteve l\u00e1, porque o busquei\nnaqueles momentos de maior press\u00e3o. Ele nunca me desamparou. Ent\u00e3o daqui em\ndiante \u00e9 Ele que direciona minha vida diariamente, e meu papel \u00e9 me aprofundar\nnesse relacionamento\u201d, acrescentou Karina Bacchi.<\/p>\n\n\n\n<p>Atualmente\ndedicando-se a falar de sua jornada de f\u00e9 no&nbsp;<em>Positivamente Podcast<\/em>,\na atriz n\u00e3o esconde a felicidade por ter descoberto o valor da gratid\u00e3o: \u201cChego\naos 45 anos muito feliz e grata por tudo que tenho vivido. Celebro cada\naprendizado, cada conquista, cada momento. Sinto-me aben\u00e7oada por Deus pela\nfam\u00edlia que tenho, pelas oportunidades que me s\u00e3o dadas, pelos momentos mais\nsimples e t\u00e3o valiosos. Amo viver e celebrar com olhos de admira\u00e7\u00e3o e gratid\u00e3o\npor tudo que Deus criou e nos presenteia diariamente\u201d.<\/p>\n\n\n\n<p>\u201cO\u00a0<em>Positivamente Podcast<\/em>\u00a0[veiculado em diferentes plataformas, incluindo o YouTube] tem sido um presente maravilhoso, um canal de transmiss\u00e3o da palavra de Deus, me comunicando com tantos testemunhos e pessoas que afiliei tanto. Tem sido emocionante. Deus \u00e9 incr\u00edvel!\u201d, finalizou.<\/p>\n\n\n\n<p><\/p>\n\n\n\n<figure class=\"wp-block-image\"><img loading=\"lazy\" width=\"600\" height=\"338\" src=\"http:\/\/dgospel.com.br\/portal\/wp-content\/uploads\/2021\/10\/000000000000000000000000000000000000.jpg\" alt=\"\" class=\"wp-image-9563\" srcset=\"https:\/\/dgospel.com.br\/portal\/wp-content\/uploads\/2021\/10\/000000000000000000000000000000000000.jpg 600w, https:\/\/dgospel.com.br\/portal\/wp-content\/uploads\/2021\/10\/000000000000000000000000000000000000-300x169.jpg 300w\" sizes=\"(max-width: 600px) 100vw, 600px\" \/><figcaption> Karina Bacchi, o marido e o filho: \u2018Paz inigual\u00e1vel\u2019 <\/figcaption><\/figure>\n\n\n\n<p><\/p>\n","protected":false},"excerpt":{"rendered":"<p>A atriz Karina Bacchi afirmou que sua convers\u00e3o ao Evangelho e o aprendizado sobre as Escrituras a tornaram uma pessoa mais madura, e que chega aos 45 anos vivendo \u201cuma paz inigual\u00e1vel\u201d. 2021, segundo a atriz, \u201co ano mais especial de todos\u201d por entender que a f\u00e9 crist\u00e3 \u00e9 viva: \u201cSempre acreditei em Deus e [&hellip;]<\/p>\n","protected":false},"author":2,"featured_media":9564,"comment_status":"open","ping_status":"open","sticky":false,"template":"","format":"standard","meta":[],"categories":[17,5],"tags":[],"_links":{"self":[{"href":"https:\/\/dgospel.com.br\/portal\/index.php\/wp-json\/wp\/v2\/posts\/9562"}],"collection":[{"href":"https:\/\/dgospel.com.br\/portal\/index.php\/wp-json\/wp\/v2\/posts"}],"about":[{"href":"https:\/\/dgospel.com.br\/portal\/index.php\/wp-json\/wp\/v2\/types\/post"}],"author":[{"embeddable":true,"href":"https:\/\/dgospel.com.br\/portal\/index.php\/wp-json\/wp\/v2\/users\/2"}],"replies":[{"embeddable":true,"href":"https:\/\/dgospel.com.br\/portal\/index.php\/wp-json\/wp\/v2\/comments?post=9562"}],"version-history":[{"count":1,"href":"https:\/\/dgospel.com.br\/portal\/index.php\/wp-json\/wp\/v2\/posts\/9562\/revisions"}],"predecessor-version":[{"id":9565,"href":"https:\/\/dgospel.com.br\/portal\/index.php\/wp-json\/wp\/v2\/posts\/9562\/revisions\/9565"}],"wp:featuredmedia":[{"embeddable":true,"href":"https:\/\/dgospel.com.br\/portal\/index.php\/wp-json\/wp\/v2\/media\/9564"}],"wp:attachment":[{"href":"https:\/\/dgospel.com.br\/portal\/index.php\/wp-json\/wp\/v2\/media?parent=9562"}],"wp:term":[{"taxonomy":"category","embeddable":true,"href":"https:\/\/dgospel.com.br\/portal\/index.php\/wp-json\/wp\/v2\/categories?post=9562"},{"taxonomy":"post_tag","embeddable":true,"href":"https:\/\/dgospel.com.br\/portal\/index.php\/wp-json\/wp\/v2\/tags?post=9562"}],"curies":[{"name":"wp","href":"https:\/\/api.w.org\/{rel}","templated":true}]}}