{"id":9572,"date":"2021-10-12T13:49:37","date_gmt":"2021-10-12T16:49:37","guid":{"rendered":"http:\/\/dgospel.com.br\/portal\/?p=9572"},"modified":"2021-10-12T13:49:38","modified_gmt":"2021-10-12T16:49:38","slug":"deputado-denuncia-articulacao-para-barrar-mendonca-no-stf","status":"publish","type":"post","link":"https:\/\/dgospel.com.br\/portal\/index.php\/2021\/10\/12\/deputado-denuncia-articulacao-para-barrar-mendonca-no-stf\/","title":{"rendered":"Deputado denuncia articula\u00e7\u00e3o para barrar Mendon\u00e7a no STF"},"content":{"rendered":"\n<p>O deputado federal S\u00f3stenes Cavalcante (DEM-AL) denunciou nas redes sociais que um grupo de senadores est\u00e1 se articulando para impedir a nomea\u00e7\u00e3o de Andr\u00e9 Mendon\u00e7a como ministro do Supremo Tribunal Federal.<\/p>\n\n\n\n<p>De acordo com o parlamentar, Davi Alcolumbre, presidente da Comiss\u00e3o de Constitui\u00e7\u00e3o e Justi\u00e7a (CCJ) e respons\u00e1vel por pautar a sabatina de Mendon\u00e7a, seria um dos nomes por tr\u00e1s do conluio.<\/p>\n\n\n\n<p>Alcolumbre, que j\u00e1 est\u00e1 segurando a sabatina de Mendon\u00e7a h\u00e1 tr\u00eas meses, estaria, segundo S\u00f3stenes Cavalcante, pressionando o presidente Jair Bolsonaro para que um novo nome seja indicado. O deputado afirmou se tratar de um nome tamb\u00e9m evang\u00e9lico.<\/p>\n\n\n\n<p>\u2013 H\u00e1 um nome de um presbiteriano, que n\u00f3s sabemos quem \u00e9, mas n\u00e3o vamos declinar o nome aqui, por enquanto\u2026 mas estes senadores n\u00e3o est\u00e3o trazendo este nome porque seja [algu\u00e9m] melhor do que o Andr\u00e9, \u00e9 porque este nome atende [aos] interesses deste grupo de senadores que n\u00e3o s\u00e3o evang\u00e9licos \u2013 afirmou o parlamentar.<\/p>\n\n\n\n<p>Mesmo com a press\u00e3o pol\u00edtica, Bolsonaro j\u00e1 afirmou publicamente que a indica\u00e7\u00e3o de Andr\u00e9 Mendon\u00e7a ao cargo \u00e9 sua escolha definitiva. E S\u00f3stenes Cavalcante tamb\u00e9m confirmou que o presidente da Rep\u00fablica n\u00e3o ir\u00e1 ceder e que o ex-advogado-geral da Uni\u00e3o assumir\u00e1 a vaga no STF em breve.<\/p>\n\n\n\n<figure class=\"wp-block-embed-youtube wp-block-embed is-type-video is-provider-youtube wp-embed-aspect-16-9 wp-has-aspect-ratio\"><div class=\"wp-block-embed__wrapper\">\n<iframe loading=\"lazy\" title=\"DEPUTADO DENUNCIA CONCHAVO DE GRUPO DE SENADORES CONTRA INDICADO DE BOLSONARO AO STF!\" width=\"630\" height=\"354\" src=\"https:\/\/www.youtube.com\/embed\/VbY5XxFcttg?start=3&#038;feature=oembed\" frameborder=\"0\" allow=\"accelerometer; autoplay; clipboard-write; encrypted-media; gyroscope; picture-in-picture\" allowfullscreen><\/iframe>\n<\/div><\/figure>\n","protected":false},"excerpt":{"rendered":"<p>O deputado federal S\u00f3stenes Cavalcante (DEM-AL) denunciou nas redes sociais que um grupo de senadores est\u00e1 se articulando para impedir a nomea\u00e7\u00e3o de Andr\u00e9 Mendon\u00e7a como ministro do Supremo Tribunal Federal. De acordo com o parlamentar, Davi Alcolumbre, presidente da Comiss\u00e3o de Constitui\u00e7\u00e3o e Justi\u00e7a (CCJ) e respons\u00e1vel por pautar a sabatina de Mendon\u00e7a, seria [&hellip;]<\/p>\n","protected":false},"author":2,"featured_media":9573,"comment_status":"open","ping_status":"open","sticky":false,"template":"","format":"standard","meta":[],"categories":[8,4],"tags":[],"_links":{"self":[{"href":"https:\/\/dgospel.com.br\/portal\/index.php\/wp-json\/wp\/v2\/posts\/9572"}],"collection":[{"href":"https:\/\/dgospel.com.br\/portal\/index.php\/wp-json\/wp\/v2\/posts"}],"about":[{"href":"https:\/\/dgospel.com.br\/portal\/index.php\/wp-json\/wp\/v2\/types\/post"}],"author":[{"embeddable":true,"href":"https:\/\/dgospel.com.br\/portal\/index.php\/wp-json\/wp\/v2\/users\/2"}],"replies":[{"embeddable":true,"href":"https:\/\/dgospel.com.br\/portal\/index.php\/wp-json\/wp\/v2\/comments?post=9572"}],"version-history":[{"count":1,"href":"https:\/\/dgospel.com.br\/portal\/index.php\/wp-json\/wp\/v2\/posts\/9572\/revisions"}],"predecessor-version":[{"id":9574,"href":"https:\/\/dgospel.com.br\/portal\/index.php\/wp-json\/wp\/v2\/posts\/9572\/revisions\/9574"}],"wp:featuredmedia":[{"embeddable":true,"href":"https:\/\/dgospel.com.br\/portal\/index.php\/wp-json\/wp\/v2\/media\/9573"}],"wp:attachment":[{"href":"https:\/\/dgospel.com.br\/portal\/index.php\/wp-json\/wp\/v2\/media?parent=9572"}],"wp:term":[{"taxonomy":"category","embeddable":true,"href":"https:\/\/dgospel.com.br\/portal\/index.php\/wp-json\/wp\/v2\/categories?post=9572"},{"taxonomy":"post_tag","embeddable":true,"href":"https:\/\/dgospel.com.br\/portal\/index.php\/wp-json\/wp\/v2\/tags?post=9572"}],"curies":[{"name":"wp","href":"https:\/\/api.w.org\/{rel}","templated":true}]}}