{"id":9578,"date":"2021-10-13T11:04:18","date_gmt":"2021-10-13T14:04:18","guid":{"rendered":"http:\/\/dgospel.com.br\/portal\/?p=9578"},"modified":"2021-10-13T11:04:19","modified_gmt":"2021-10-13T14:04:19","slug":"dia-das-criancas-tem-programacao-especial-na-ala-pediatrica-do-hgp","status":"publish","type":"post","link":"https:\/\/dgospel.com.br\/portal\/index.php\/2021\/10\/13\/dia-das-criancas-tem-programacao-especial-na-ala-pediatrica-do-hgp\/","title":{"rendered":"Dia das Crian\u00e7as tem programa\u00e7\u00e3o especial na ala pedi\u00e1trica do HGP"},"content":{"rendered":"\n<p>Ap\u00f3s receber os pequenos pacientes nas novas instala\u00e7\u00f5es da Ala Pedi\u00e1trica, o Hospital Geral de Palmas (HGP) preparou uma programa\u00e7\u00e3o especial para comemorar o Dia das Crian\u00e7as das cerca de 60 atendidas na unidade atualmente. As celebra\u00e7\u00f5es iniciaram nessa ter\u00e7a-feira, 12, com a apresenta\u00e7\u00e3o da Orquestra do HGP, conta\u00e7\u00e3o de hist\u00f3rias, m\u00fasicas, entrega de brinquedos e participa\u00e7\u00e3o do Rob\u00f4 Bumblebee, Homem de Ferro e Cinderela. A Semana da Crian\u00e7a do HGP segue at\u00e9 este s\u00e1bado, 16, com grande programa\u00e7\u00e3o l\u00fadica para entreter e emocionar os pequenos. &nbsp;<\/p>\n\n\n\n<p>A ala pedi\u00e1trica no HGP come\u00e7ou a receber os pacientes em julho deste ano. Segundo a coordenadora m\u00e9dica da ala, Karla Noleto, nesses quase tr\u00eas meses o principal cuidado foi com o atendimento de qualidade das crian\u00e7as. \u201cN\u00f3s temos desempenhado um papel lindo como pediatria do HGP, est\u00e1 tudo fluindo muito bem, todas as equipes interagindo, se movimentando, cada um com seus dons e suas habilidades, se juntando para construir a hist\u00f3ria da pediatria no hospital. E o resultado estamos vendo, com essa festa linda e principalmente para a alegria dessas crian\u00e7as.\u201d<\/p>\n\n\n\n<p>A fisioterapeuta da ala pedi\u00e1trica, Katielle Lopes de Passos, destacou as mudan\u00e7as que as crian\u00e7as trouxeram para o HGP. \u201cA vinda delas pra c\u00e1 trouxe mais alegria, mais leveza, para todos os outros profissionais do hospital, a pediatria vai al\u00e9m de um atendimento, uma consulta ou uma avalia\u00e7\u00e3o, nosso paciente \u00e9 o amor de algu\u00e9m, e esse cuidado est\u00e1 se estendendo para outros profissionais e outras alas do HGP.\u201d<\/p>\n\n\n\n<p>Suany Menezes Carvalho de Melo, m\u00e3e do Heitor Carvalho de Melo, de 4 anos, que est\u00e1 internado na Unidade desde s\u00e1bado, 9, \u00e0 noite, devido a uma apendicite, ficou surpresa com a estrutura do hospital e o atendimento de excel\u00eancia. \u201cAt\u00e9 comentei com outras m\u00e3es que n\u00e3o esperava essa estrutura, \u00e9 a primeira vez que tive que internar meu filho e desde o atendimento na porta de entrada, achei tudo muito organizado. Apesar de estarmos passando o Dia das Crian\u00e7as no hospital, o Heitor est\u00e1 super ansioso com a programa\u00e7\u00e3o e pelos presentes da data.\u201d<\/p>\n\n\n\n<p>Para o diretor-geral do HGP, Leonardo Toledo, que estava fantasiado de Batman para visitar as crian\u00e7as, \u00e9 um momento muito especial para todos do HGP. \u201cCelebrar o Dia das Crian\u00e7as com a ala pedi\u00e1trica funcionando bem, com a equipe alinhada e podendo oferecer um tratamento de alta qualidade, \u00e9 muito gratificante, todo o esfor\u00e7o foi recompensado.\u201d<\/p>\n\n\n\n<p>O secret\u00e1rio de Estado da Sa\u00fade, Edgar Tollini, ressalta o compromisso do governador Mauro Carlesse com a Sa\u00fade do Tocantins.&nbsp;&nbsp;\u201cEstamos trabalhando para garantir a melhor assist\u00eancia m\u00e9dica e atendimento para as nossas crian\u00e7as. O Tocantins \u00e9 refer\u00eancia para outros estados, exemplo s\u00e3o as cirurgias card\u00edacas pedi\u00e1tricas, que a partir dessa gest\u00e3o passaram a ser feitas aqui no Estado. Al\u00e9m disso, contamos com um novo espa\u00e7o, preparado para atender as necessidades dos nossos pequenos, feito especialmente para eles como esta festa, que traz a alegria para todos em um espa\u00e7o adequado, l\u00fadico e digno de cada cidad\u00e3o e cidad\u00e3\u201d.<\/p>\n\n\n\n<p>&nbsp;<strong>Brinquedoteca<\/strong><\/p>\n\n\n\n<p>As comemora\u00e7\u00f5es tamb\u00e9m contaram com a reabertura da brinquedoteca, que segundo a psic\u00f3loga respons\u00e1vel pelo setor, Cintia Soares Pedreira, era um momento muito esperado. \u201cCom a pandemia n\u00f3s passamos quase dois anos sem pode levar nossas crian\u00e7as para a brinquedoteca, devido ao risco de contamina\u00e7\u00e3o, e com certeza foi um per\u00edodo muito dif\u00edcil para n\u00f3s que trabalhamos com isso, e sabemos da import\u00e2ncia e melhoria que o l\u00fadico traz para o paciente. A brinquedoteca ficou linda, tivemos muitas doa\u00e7\u00f5es e estamos cheias de ideias para explorar esse espa\u00e7o da melhor forma poss\u00edvel com nossos pequenos pacientes.\u201d<\/p>\n\n\n\n<p><strong>Doa\u00e7\u00e3o<\/strong><\/p>\n\n\n\n<p>A Semana da Crian\u00e7a contou com todo o suporte da Associa\u00e7\u00e3o Amigos do HGP, volunt\u00e1rios que contribu\u00edram com a arrecada\u00e7\u00e3o de brinquedos, materiais de pintura, roupas, cal\u00e7ados, entre outros itens.<\/p>\n\n\n\n<p>A Associa\u00e7\u00e3o Amigos do HGP \u00e9 uma entidade sem fins lucrativos que mobiliza a comunidade e o poder p\u00fablico em prol dos pacientes, familiares, acompanhantes e servidores da unidade hospitalar.<\/p>\n\n\n\n<p>As institui\u00e7\u00f5es ou as pessoas que desejam ser volunt\u00e1rias podem entrar em contato pelo telefone (63) 3218-7898 ou pelo endere\u00e7o no Instagram @amigosdohgp.<\/p>\n\n\n\n<figure class=\"wp-block-image\"><img src=\"https:\/\/central.to.gov.br\/image\/265874?w=565&amp;h=349\" alt=\"\"\/><\/figure>\n\n\n\n<p>Palha\u00e7os animam o Dia das Crian\u00e7as no HGP &#8211; Luciana Barros\/Governo do Tocantins<br><\/p>\n","protected":false},"excerpt":{"rendered":"<p>Ap\u00f3s receber os pequenos pacientes nas novas instala\u00e7\u00f5es da Ala Pedi\u00e1trica, o Hospital Geral de Palmas (HGP) preparou uma programa\u00e7\u00e3o especial para comemorar o Dia das Crian\u00e7as das cerca de 60 atendidas na unidade atualmente. As celebra\u00e7\u00f5es iniciaram nessa ter\u00e7a-feira, 12, com a apresenta\u00e7\u00e3o da Orquestra do HGP, conta\u00e7\u00e3o de hist\u00f3rias, m\u00fasicas, entrega de brinquedos [&hellip;]<\/p>\n","protected":false},"author":2,"featured_media":9579,"comment_status":"open","ping_status":"open","sticky":false,"template":"","format":"standard","meta":[],"categories":[3],"tags":[13],"_links":{"self":[{"href":"https:\/\/dgospel.com.br\/portal\/index.php\/wp-json\/wp\/v2\/posts\/9578"}],"collection":[{"href":"https:\/\/dgospel.com.br\/portal\/index.php\/wp-json\/wp\/v2\/posts"}],"about":[{"href":"https:\/\/dgospel.com.br\/portal\/index.php\/wp-json\/wp\/v2\/types\/post"}],"author":[{"embeddable":true,"href":"https:\/\/dgospel.com.br\/portal\/index.php\/wp-json\/wp\/v2\/users\/2"}],"replies":[{"embeddable":true,"href":"https:\/\/dgospel.com.br\/portal\/index.php\/wp-json\/wp\/v2\/comments?post=9578"}],"version-history":[{"count":1,"href":"https:\/\/dgospel.com.br\/portal\/index.php\/wp-json\/wp\/v2\/posts\/9578\/revisions"}],"predecessor-version":[{"id":9580,"href":"https:\/\/dgospel.com.br\/portal\/index.php\/wp-json\/wp\/v2\/posts\/9578\/revisions\/9580"}],"wp:featuredmedia":[{"embeddable":true,"href":"https:\/\/dgospel.com.br\/portal\/index.php\/wp-json\/wp\/v2\/media\/9579"}],"wp:attachment":[{"href":"https:\/\/dgospel.com.br\/portal\/index.php\/wp-json\/wp\/v2\/media?parent=9578"}],"wp:term":[{"taxonomy":"category","embeddable":true,"href":"https:\/\/dgospel.com.br\/portal\/index.php\/wp-json\/wp\/v2\/categories?post=9578"},{"taxonomy":"post_tag","embeddable":true,"href":"https:\/\/dgospel.com.br\/portal\/index.php\/wp-json\/wp\/v2\/tags?post=9578"}],"curies":[{"name":"wp","href":"https:\/\/api.w.org\/{rel}","templated":true}]}}