{"id":9584,"date":"2021-10-14T08:47:35","date_gmt":"2021-10-14T11:47:35","guid":{"rendered":"http:\/\/dgospel.com.br\/portal\/?p=9584"},"modified":"2021-10-14T08:47:37","modified_gmt":"2021-10-14T11:47:37","slug":"senador-recolhe-assinaturas-na-ccj-em-apoio-a-andre-mendonca","status":"publish","type":"post","link":"https:\/\/dgospel.com.br\/portal\/index.php\/2021\/10\/14\/senador-recolhe-assinaturas-na-ccj-em-apoio-a-andre-mendonca\/","title":{"rendered":"Senador recolhe assinaturas na CCJ em apoio a Andr\u00e9 Mendon\u00e7a"},"content":{"rendered":"\n<p>Para tentar \u201cdestravar\u201d a sabatina de Andr\u00e9 Mendon\u00e7a ao Supremo Tribunal Federal (STF), o l\u00edder do governo no Senado, Fernando Bezerra (MDB-PE), come\u00e7ou a recolher assinaturas em apoio ao procedimento. De acordo com o jornal O Globo, o parlamentar pretende demonstrar que a maioria dos integrantes da Comiss\u00e3o de Constitui\u00e7\u00e3o e Justi\u00e7a (CCJ) da Casa \u00e9 a favor da sabatina.<\/p>\n\n\n\n<p>Ex-advogado-geral da Uni\u00e3o, Mendon\u00e7a foi indicado em 13 julho pelo presidente Jair Bolsonaro para ocupar a vaga deixada pelo ministro Marco Aur\u00e9lio de Mello no STF. Mas, desde ent\u00e3o, seu nome n\u00e3o passou pelo primeiro passo para ingressar na Corte, j\u00e1 que Davi Alcolumbre (DEM-AP), presidente da CCJ, ainda n\u00e3o definiu a data do procedimento.<\/p>\n\n\n\n<p>De acordo com o jornal, Bezerra pretende apresentar a lista com os nomes de pelo menos 14 dos 27 integrantes da CCJ at\u00e9 a pr\u00f3xima semana.<\/p>\n\n\n\n<p>A ideia do parlamentar \u00e9 fazer com que Alcolumbre defina a melhor data para tratar a quest\u00e3o.<\/p>\n\n\n\n<figure class=\"wp-block-image\"><img src=\"https:\/\/static.cdn.pleno.news\/2019\/02\/47147202641_1a1e85f0d7_b-1024x683.jpg\" alt=\"\" class=\"wp-image-263051\"\/><figcaption>Senador Fernando Bezerra Coelho&nbsp;Foto: Pedro Fran\u00e7a\/Ag\u00eancia Senado<\/figcaption><\/figure>\n","protected":false},"excerpt":{"rendered":"<p>Para tentar \u201cdestravar\u201d a sabatina de Andr\u00e9 Mendon\u00e7a ao Supremo Tribunal Federal (STF), o l\u00edder do governo no Senado, Fernando Bezerra (MDB-PE), come\u00e7ou a recolher assinaturas em apoio ao procedimento. De acordo com o jornal O Globo, o parlamentar pretende demonstrar que a maioria dos integrantes da Comiss\u00e3o de Constitui\u00e7\u00e3o e Justi\u00e7a (CCJ) da Casa [&hellip;]<\/p>\n","protected":false},"author":2,"featured_media":9585,"comment_status":"open","ping_status":"open","sticky":false,"template":"","format":"standard","meta":[],"categories":[8,4],"tags":[],"_links":{"self":[{"href":"https:\/\/dgospel.com.br\/portal\/index.php\/wp-json\/wp\/v2\/posts\/9584"}],"collection":[{"href":"https:\/\/dgospel.com.br\/portal\/index.php\/wp-json\/wp\/v2\/posts"}],"about":[{"href":"https:\/\/dgospel.com.br\/portal\/index.php\/wp-json\/wp\/v2\/types\/post"}],"author":[{"embeddable":true,"href":"https:\/\/dgospel.com.br\/portal\/index.php\/wp-json\/wp\/v2\/users\/2"}],"replies":[{"embeddable":true,"href":"https:\/\/dgospel.com.br\/portal\/index.php\/wp-json\/wp\/v2\/comments?post=9584"}],"version-history":[{"count":1,"href":"https:\/\/dgospel.com.br\/portal\/index.php\/wp-json\/wp\/v2\/posts\/9584\/revisions"}],"predecessor-version":[{"id":9586,"href":"https:\/\/dgospel.com.br\/portal\/index.php\/wp-json\/wp\/v2\/posts\/9584\/revisions\/9586"}],"wp:featuredmedia":[{"embeddable":true,"href":"https:\/\/dgospel.com.br\/portal\/index.php\/wp-json\/wp\/v2\/media\/9585"}],"wp:attachment":[{"href":"https:\/\/dgospel.com.br\/portal\/index.php\/wp-json\/wp\/v2\/media?parent=9584"}],"wp:term":[{"taxonomy":"category","embeddable":true,"href":"https:\/\/dgospel.com.br\/portal\/index.php\/wp-json\/wp\/v2\/categories?post=9584"},{"taxonomy":"post_tag","embeddable":true,"href":"https:\/\/dgospel.com.br\/portal\/index.php\/wp-json\/wp\/v2\/tags?post=9584"}],"curies":[{"name":"wp","href":"https:\/\/api.w.org\/{rel}","templated":true}]}}