{"id":9587,"date":"2021-10-14T08:52:04","date_gmt":"2021-10-14T11:52:04","guid":{"rendered":"http:\/\/dgospel.com.br\/portal\/?p=9587"},"modified":"2021-10-14T08:52:05","modified_gmt":"2021-10-14T11:52:05","slug":"brasil-chega-a-100-milhoes-de-pessoas-totalmente-vacinadas","status":"publish","type":"post","link":"https:\/\/dgospel.com.br\/portal\/index.php\/2021\/10\/14\/brasil-chega-a-100-milhoes-de-pessoas-totalmente-vacinadas\/","title":{"rendered":"Brasil chega a 100 milh\u00f5es de pessoas totalmente vacinadas"},"content":{"rendered":"\n<p>Nesta quarta-feira (13), o Brasil atingiu uma marca expressiva no combate \u00e0 Covid-19, a de 100 milh\u00f5es de pessoas totalmente imunizadas contra a doen\u00e7a. Os dados foram divulgados pelo Minist\u00e9rio da Sa\u00fade, que informou ainda que o total representa 62,5% do p\u00fablico-alvo da vacina\u00e7\u00e3o estabelecido no Plano Nacional de Operacionaliza\u00e7\u00e3o (PNO).<\/p>\n\n\n\n<p>A Pasta afirmou tamb\u00e9m que mais de 93% da popula\u00e7\u00e3o j\u00e1 tomou pelo menos a primeira dose do imunizante.<\/p>\n\n\n\n<p>O an\u00fancio foi feito pelo ministro da Sa\u00fade, Marcelo Queiroga, em suas redes sociais.<\/p>\n\n\n\n<p>\u2013 Z\u00e9 Gotinha veio anunciar mais uma marca importante para a nossa Campanha Nacional de Vacina\u00e7\u00e3o: J\u00e1 s\u00e3o 100 MILH\u00d5ES de brasileiros completamente vacinados contra a Covid19! O n\u00famero corresponde a 62,5% da popula\u00e7\u00e3o imunizada com as duas doses da vacina ou com a dose \u00fanica \u2013 explicou.<\/p>\n\n\n\n<figure class=\"wp-block-embed-twitter wp-block-embed is-type-rich is-provider-twitter\"><div class=\"wp-block-embed__wrapper\">\n<blockquote class=\"twitter-tweet\" data-width=\"550\" data-dnt=\"true\"><p lang=\"pt\" dir=\"ltr\">\ud83d\udc89\ud83c\udde7\ud83c\uddf7 Z\u00e9 Gotinha veio anunciar mais uma marca importante para a nossa Campanha Nacional de Vacina\u00e7\u00e3o: J\u00e1 s\u00e3o 100 MILH\u00d5ES de brasileiros completamente vacinados contra a <a href=\"https:\/\/twitter.com\/hashtag\/Covid19?src=hash&amp;ref_src=twsrc%5Etfw\">#Covid19<\/a>! O n\u00famero corresponde a 62,5% da popula\u00e7\u00e3o imunizada com as duas doses da vacina ou com a dose \u00fanica. <a href=\"https:\/\/t.co\/DOhgFLWBXN\">pic.twitter.com\/DOhgFLWBXN<\/a><\/p>&mdash; Marcelo Queiroga (@mqueiroga2) <a href=\"https:\/\/twitter.com\/mqueiroga2\/status\/1448388376294563848?ref_src=twsrc%5Etfw\">October 13, 2021<\/a><\/blockquote><script async src=\"https:\/\/platform.twitter.com\/widgets.js\" charset=\"utf-8\"><\/script>\n<\/div><\/figure>\n\n\n","protected":false},"excerpt":{"rendered":"<p>Nesta quarta-feira (13), o Brasil atingiu uma marca expressiva no combate \u00e0 Covid-19, a de 100 milh\u00f5es de pessoas totalmente imunizadas contra a doen\u00e7a. Os dados foram divulgados pelo Minist\u00e9rio da Sa\u00fade, que informou ainda que o total representa 62,5% do p\u00fablico-alvo da vacina\u00e7\u00e3o estabelecido no Plano Nacional de Operacionaliza\u00e7\u00e3o (PNO). A Pasta afirmou tamb\u00e9m [&hellip;]<\/p>\n","protected":false},"author":2,"featured_media":9588,"comment_status":"open","ping_status":"open","sticky":false,"template":"","format":"standard","meta":[],"categories":[4],"tags":[14],"_links":{"self":[{"href":"https:\/\/dgospel.com.br\/portal\/index.php\/wp-json\/wp\/v2\/posts\/9587"}],"collection":[{"href":"https:\/\/dgospel.com.br\/portal\/index.php\/wp-json\/wp\/v2\/posts"}],"about":[{"href":"https:\/\/dgospel.com.br\/portal\/index.php\/wp-json\/wp\/v2\/types\/post"}],"author":[{"embeddable":true,"href":"https:\/\/dgospel.com.br\/portal\/index.php\/wp-json\/wp\/v2\/users\/2"}],"replies":[{"embeddable":true,"href":"https:\/\/dgospel.com.br\/portal\/index.php\/wp-json\/wp\/v2\/comments?post=9587"}],"version-history":[{"count":1,"href":"https:\/\/dgospel.com.br\/portal\/index.php\/wp-json\/wp\/v2\/posts\/9587\/revisions"}],"predecessor-version":[{"id":9589,"href":"https:\/\/dgospel.com.br\/portal\/index.php\/wp-json\/wp\/v2\/posts\/9587\/revisions\/9589"}],"wp:featuredmedia":[{"embeddable":true,"href":"https:\/\/dgospel.com.br\/portal\/index.php\/wp-json\/wp\/v2\/media\/9588"}],"wp:attachment":[{"href":"https:\/\/dgospel.com.br\/portal\/index.php\/wp-json\/wp\/v2\/media?parent=9587"}],"wp:term":[{"taxonomy":"category","embeddable":true,"href":"https:\/\/dgospel.com.br\/portal\/index.php\/wp-json\/wp\/v2\/categories?post=9587"},{"taxonomy":"post_tag","embeddable":true,"href":"https:\/\/dgospel.com.br\/portal\/index.php\/wp-json\/wp\/v2\/tags?post=9587"}],"curies":[{"name":"wp","href":"https:\/\/api.w.org\/{rel}","templated":true}]}}