{"id":96,"date":"2018-05-11T09:26:02","date_gmt":"2018-05-11T12:26:02","guid":{"rendered":"http:\/\/dgospel.com.br\/portal\/?p=96"},"modified":"2018-05-11T09:26:02","modified_gmt":"2018-05-11T12:26:02","slug":"dia-das-maes-foi-inspirado-no-trabalho-social-de-uma-evangelica","status":"publish","type":"post","link":"https:\/\/dgospel.com.br\/portal\/index.php\/2018\/05\/11\/dia-das-maes-foi-inspirado-no-trabalho-social-de-uma-evangelica\/","title":{"rendered":"Dia das M\u00e3es foi inspirado no trabalho social de uma evang\u00e9lica"},"content":{"rendered":"<p>O Dia das M\u00e3es est\u00e1 \u00e0s portas e voc\u00ea sabia que a data \u00e9, na verdade, uma iniciativa crist\u00e3? Foi por causa de uma mulher chamada Anna Reeves Jarvis que hoje as genitoras t\u00eam um dia no calend\u00e1rio mundial. Apesar de atualmente a data ser comemorada de forma comercial, anteriormente havia um sentido bastante pol\u00edtico.<\/p>\n<p>Al\u00e9m de evang\u00e9lica metodista, Anna tamb\u00e9m era ativista social. A hist\u00f3ria conta que o Dia das M\u00e3es foi na verdade uma iniciativa sobre a a\u00e7\u00e3o de m\u00e3es crist\u00e3s em causas sociais. Anna morava em West Virginia (EUA) e tinha 12 filhos. Mesmo jovem ela j\u00e1 administrava eventos que reuniam m\u00e3es para repensarem sobre quest\u00f5es sociais.<\/p>\n<p>No ano de 1858, ela criou um clube chamado &#8220;Dias de Trabalho das M\u00e3es&#8221;. O objetivo era trabalhar pela diminui\u00e7\u00e3o da mortalidade de crian\u00e7as de fam\u00edlias de trabalhadores. Com o passar dos anos, Anna organizou uma nova data, o \u201cDia da Amizade das M\u00e3es\u201d. Dessa vez, sua inten\u00e7\u00e3o era reunir fam\u00edlias e vizinhos separados pela Guerra Civil dos EUA, al\u00e9m de realizar a\u00e7\u00f5es solid\u00e1rias com os feridos.<\/p>\n<p>Em 1905 Anna faleceu, mas seu legado foi perpetuado por uma de suas filhas, que tinha o mesmo nome. Foi ela quem brigou por uma oficializa\u00e7\u00e3o de um dia nacional das m\u00e3es. A filha pretendia dar honra a sua m\u00e3e que tanto lutou. Sua inten\u00e7\u00e3o era realizar um ato pela paz e com isso prestar homenagem a todas as m\u00e3es.<\/p>\n<p>Foi iniciada ent\u00e3o uma campanha pela oficializa\u00e7\u00e3o do Dia das M\u00e3es e isso se deu pela realiza\u00e7\u00e3o de cultos. No in\u00edcio, as reuni\u00f5es eram realizadas na Igreja Metodista. Depois outras igrejas foram aderindo \u00e0 pr\u00e1tica de realizar os cultos especiais sempre no segundo domingo de maio.<\/p>\n<p>Os anos foram passando e a pr\u00e1tica foi se alastrando por outras cidades. O Dia das M\u00e3es foi institu\u00eddo por lei nos EUA em 1914 pelo fato de ter tido uma boa ades\u00e3o no pa\u00eds. Hoje, a data tem um forte peso comercial, distorcendo o verdadeiro sentido, mas ainda \u00e9 importante.<\/p>\n<p><strong>Fonte: Guia-me \/ com informa\u00e7\u00f5es do Carta Capital e Estad\u00e3o<\/strong><\/p>\n","protected":false},"excerpt":{"rendered":"<p>O Dia das M\u00e3es est\u00e1 \u00e0s portas e voc\u00ea sabia que a data \u00e9, na verdade, uma iniciativa crist\u00e3? Foi por causa de uma mulher chamada Anna Reeves Jarvis que hoje as genitoras t\u00eam um dia no calend\u00e1rio mundial. Apesar de atualmente a data ser comemorada de forma comercial, anteriormente havia um sentido bastante pol\u00edtico. [&hellip;]<\/p>\n","protected":false},"author":2,"featured_media":97,"comment_status":"open","ping_status":"open","sticky":false,"template":"","format":"standard","meta":[],"categories":[2,5],"tags":[],"_links":{"self":[{"href":"https:\/\/dgospel.com.br\/portal\/index.php\/wp-json\/wp\/v2\/posts\/96"}],"collection":[{"href":"https:\/\/dgospel.com.br\/portal\/index.php\/wp-json\/wp\/v2\/posts"}],"about":[{"href":"https:\/\/dgospel.com.br\/portal\/index.php\/wp-json\/wp\/v2\/types\/post"}],"author":[{"embeddable":true,"href":"https:\/\/dgospel.com.br\/portal\/index.php\/wp-json\/wp\/v2\/users\/2"}],"replies":[{"embeddable":true,"href":"https:\/\/dgospel.com.br\/portal\/index.php\/wp-json\/wp\/v2\/comments?post=96"}],"version-history":[{"count":1,"href":"https:\/\/dgospel.com.br\/portal\/index.php\/wp-json\/wp\/v2\/posts\/96\/revisions"}],"predecessor-version":[{"id":98,"href":"https:\/\/dgospel.com.br\/portal\/index.php\/wp-json\/wp\/v2\/posts\/96\/revisions\/98"}],"wp:featuredmedia":[{"embeddable":true,"href":"https:\/\/dgospel.com.br\/portal\/index.php\/wp-json\/wp\/v2\/media\/97"}],"wp:attachment":[{"href":"https:\/\/dgospel.com.br\/portal\/index.php\/wp-json\/wp\/v2\/media?parent=96"}],"wp:term":[{"taxonomy":"category","embeddable":true,"href":"https:\/\/dgospel.com.br\/portal\/index.php\/wp-json\/wp\/v2\/categories?post=96"},{"taxonomy":"post_tag","embeddable":true,"href":"https:\/\/dgospel.com.br\/portal\/index.php\/wp-json\/wp\/v2\/tags?post=96"}],"curies":[{"name":"wp","href":"https:\/\/api.w.org\/{rel}","templated":true}]}}