{"id":9602,"date":"2021-10-14T22:43:16","date_gmt":"2021-10-15T01:43:16","guid":{"rendered":"http:\/\/dgospel.com.br\/portal\/?p=9602"},"modified":"2021-10-14T22:43:18","modified_gmt":"2021-10-15T01:43:18","slug":"eli-borges-pede-aperfeicoamento-da-pec-32-e-garante-voto-a-favor-dos-servidores-publicos","status":"publish","type":"post","link":"https:\/\/dgospel.com.br\/portal\/index.php\/2021\/10\/14\/eli-borges-pede-aperfeicoamento-da-pec-32-e-garante-voto-a-favor-dos-servidores-publicos\/","title":{"rendered":"Eli Borges pede aperfei\u00e7oamento da PEC 32 e garante voto a favor dos servidores p\u00fablicos"},"content":{"rendered":"\n<p>O deputado federal Eli Borges (Solidariedade-TO) levou a defesa dos direitos dos servidores p\u00fablicos ao Plen\u00e1rio da C\u00e2mara dos Deputados. O parlamentar pontuou que o texto apresentado para Reforma Administrativa fere preceitos da Constitui\u00e7\u00e3o Federal.<\/p>\n\n\n\n<p>\u201cQuando a Constitui\u00e7\u00e3o diz que todos s\u00e3o iguais perante a lei, deveriam ser inclusive nas tratativas e no ordenamento jur\u00eddico brasileiro. Analisando a PEC 32, tive a percep\u00e7\u00e3o de que ela privilegia determinados sal\u00e1rios e carreiras no Brasil e traz dificuldade para outras carreiras. Portanto, ela n\u00e3o promove equil\u00edbrio e nem equidade\u201d, analisa o deputado.<\/p>\n\n\n\n<p>Durante o pronunciamento, Eli Borges afirmou que a Reforma Administrativa \u00e9 um tema que exige debate aprofundado e que o texto j\u00e1 aprovado em Comiss\u00e3o Especial no \u00faltimo m\u00eas n\u00e3o contempla todas as camadas do funcionalismo p\u00fablico. <\/p>\n\n\n\n<p>\u201cSe esse Parlamento n\u00e3o for grande o suficiente para trazer esse equil\u00edbrio de pesos e contrapesos, eu n\u00e3o vou me indispor contra funcion\u00e1rio p\u00fablico algum do Brasil. Estarei praticando a equidade e o equil\u00edbrio na minha posi\u00e7\u00e3o neste plen\u00e1rio. Digo aos servidores p\u00fablicos do Brasil que esse deputado n\u00e3o vai votar a PEC 32 do jeito que est\u00e1 colocada\u201d, reiterou o parlamentar.<\/p>\n\n\n\n<p>A proposta de reforma administrativa (PEC 32\/20) foi aprovada no \u00faltimo dia 23 na comiss\u00e3o especial e pode ser votada nos pr\u00f3ximos dias. A Proposta de emenda \u00e0 Constitui\u00e7\u00e3o muda regras para os novos servidores p\u00fablicos.<\/p>\n\n\n\n<p><a href=\"https:\/\/www.facebook.com\/watch\/?v=378124030708188\">https:\/\/www.facebook.com\/watch\/?v=378124030708188<\/a><\/p>\n\n\n\n<p><\/p>\n","protected":false},"excerpt":{"rendered":"<p>O deputado federal Eli Borges (Solidariedade-TO) levou a defesa dos direitos dos servidores p\u00fablicos ao Plen\u00e1rio da C\u00e2mara dos Deputados. O parlamentar pontuou que o texto apresentado para Reforma Administrativa fere preceitos da Constitui\u00e7\u00e3o Federal. \u201cQuando a Constitui\u00e7\u00e3o diz que todos s\u00e3o iguais perante a lei, deveriam ser inclusive nas tratativas e no ordenamento jur\u00eddico [&hellip;]<\/p>\n","protected":false},"author":2,"featured_media":9603,"comment_status":"open","ping_status":"open","sticky":false,"template":"","format":"standard","meta":[],"categories":[8,4],"tags":[],"_links":{"self":[{"href":"https:\/\/dgospel.com.br\/portal\/index.php\/wp-json\/wp\/v2\/posts\/9602"}],"collection":[{"href":"https:\/\/dgospel.com.br\/portal\/index.php\/wp-json\/wp\/v2\/posts"}],"about":[{"href":"https:\/\/dgospel.com.br\/portal\/index.php\/wp-json\/wp\/v2\/types\/post"}],"author":[{"embeddable":true,"href":"https:\/\/dgospel.com.br\/portal\/index.php\/wp-json\/wp\/v2\/users\/2"}],"replies":[{"embeddable":true,"href":"https:\/\/dgospel.com.br\/portal\/index.php\/wp-json\/wp\/v2\/comments?post=9602"}],"version-history":[{"count":1,"href":"https:\/\/dgospel.com.br\/portal\/index.php\/wp-json\/wp\/v2\/posts\/9602\/revisions"}],"predecessor-version":[{"id":9604,"href":"https:\/\/dgospel.com.br\/portal\/index.php\/wp-json\/wp\/v2\/posts\/9602\/revisions\/9604"}],"wp:featuredmedia":[{"embeddable":true,"href":"https:\/\/dgospel.com.br\/portal\/index.php\/wp-json\/wp\/v2\/media\/9603"}],"wp:attachment":[{"href":"https:\/\/dgospel.com.br\/portal\/index.php\/wp-json\/wp\/v2\/media?parent=9602"}],"wp:term":[{"taxonomy":"category","embeddable":true,"href":"https:\/\/dgospel.com.br\/portal\/index.php\/wp-json\/wp\/v2\/categories?post=9602"},{"taxonomy":"post_tag","embeddable":true,"href":"https:\/\/dgospel.com.br\/portal\/index.php\/wp-json\/wp\/v2\/tags?post=9602"}],"curies":[{"name":"wp","href":"https:\/\/api.w.org\/{rel}","templated":true}]}}